{"id":13475,"date":"2025-09-08T17:17:24","date_gmt":"2025-09-08T15:17:24","guid":{"rendered":"https:\/\/www.bce.lu\/?p=13475"},"modified":"2025-09-08T17:58:01","modified_gmt":"2025-09-08T15:58:01","slug":"pierre-dereux-product-marketing-lead","status":"publish","type":"post","link":"https:\/\/www.bce.lu\/de\/neuigkeiten\/pierre-dereux-product-marketing-lead\/","title":{"rendered":"BCE ernennt Pierre Dereux zum Product Marketing Lead"},"content":{"rendered":"\n<h3 class=\"wp-block-heading\"><a href=\"https:\/\/www.bce.lu\/de\/\" target=\"_blank\" data-type=\"link\" data-id=\"https:\/\/www.bce.lu\/de\/\" rel=\"noreferrer noopener\">BCE <\/a>(Broadcasting Center Europe) freut sich, die Ernennung von <strong>Pierre Dereux<\/strong> zum neuen <strong>Product Marketing Lead<\/strong> bekannt zu geben, der das Vertriebs- und Marketingteam unter der Leitung von <strong>No\u00eblle Prat, Director of Marketing and Sales,<\/strong> verst\u00e4rkt.\u00a0\u00a0<\/h3>\n\n\n\n<div style=\"height:50px\" aria-hidden=\"true\" class=\"wp-block-spacer\"><\/div>\n\n\n\n<div class=\"wp-block-columns is-layout-flex wp-container-core-columns-is-layout-9d6595d7 wp-block-columns-is-layout-flex\">\n<div class=\"wp-block-column is-layout-flow wp-block-column-is-layout-flow\">\n<p>Mit \u00fcber 15 Jahren Erfahrung in den Bereichen Marketing, Wirtschaft und Medientechnologie hat Pierre seine Karriere vorwiegend in den Bereichen Innovations- und Produktstrategie aufgebaut. Er verf\u00fcgt \u00fcber eine nachgewiesene Erfolgsbilanz in den Bereichen <strong>Markteinf\u00fchrung, Produktpositionierung sowie Sales Enablement und <\/strong>hilft Unternehmen, das Wachstum zu beschleunigen und den Kundenerfolg in wettbewerbsintensiven M\u00e4rkten zu st\u00e4rken. Sein beruflicher Werdegang umfasst Schl\u00fcsselpositionen in der Medienbranche, wo er gro\u00dfe internationale thematische TV- und Radiosendermarken entwickelte, sowie im internationalen Textilsektor, wo er die Produkt- und digitale Marketingstrategie des Unternehmens weltweit erfolgreich ausbaute.\u202f\u00a0<\/p>\n<\/div>\n\n\n\n<div class=\"wp-block-column is-layout-flow wp-block-column-is-layout-flow\">\n<p>Pierres kombinierte Expertise in den Bereichen <strong>Medientechnologie und Marketingstrategie<\/strong> wird es ihm bei BCE erm\u00f6glichen, <strong>Go-to-Market-Ans\u00e4tze\u00a0 zu entwerfen und umzusetzen<\/strong>, die einen greifbaren Gesch\u00e4ftswert schaffen, der sowohl bei Kunden als auch bei Partnern Anklang findet. In enger Zusammenarbeit mit den Vertriebs-, Produkt-, Technologie- und Kundendienstteams von BCE wird er auch die <strong>Produktpositionierung und -entwicklung<\/strong> verbessern, <strong>die Markenbotschaft<\/strong> st\u00e4rken und das <strong>Vertriebsteam<\/strong> mit den Tools und Ressourcen unterst\u00fctzen, die f\u00fcr den vertrieblichen Erfolg erforderlich sind. \u202f\u00a0<\/p>\n<\/div>\n<\/div>\n\n\n\n<div style=\"height:50px\" aria-hidden=\"true\" class=\"wp-block-spacer\"><\/div>\n\n\n\n<div class=\"wp-block-columns is-layout-flex wp-container-core-columns-is-layout-9d6595d7 wp-block-columns-is-layout-flex\">\n<div class=\"wp-block-column is-layout-flow wp-block-column-is-layout-flow\" style=\"flex-basis:66.66%\">\n<div style=\"height:23px\" aria-hidden=\"true\" class=\"wp-block-spacer\"><\/div>\n\n\n\n<blockquote class=\"wp-block-quote is-layout-flow wp-block-quote-is-layout-flow\">\n<p><em>&#8222;Ich freue mich sehr, in einer so dynamischen Zeit f\u00fcr die Medienbranche zu BCE zu kommen&#8220;,<\/em> sagt <strong>Pierre Dereux<\/strong>. <em>&#8222;BCE hat eine einzigartige Position, die technologische Exzellenz mit fundiertem Branchenwissen verbindet. Mein Ziel ist es, das Bestreben des Unternehmens zu unterst\u00fctzen, innovative Produkte und L\u00f6sungen zu liefern, die den sich wandelnden Bed\u00fcrfnissen unserer Kunden entsprechen, und gleichzeitig eng mit den Teams im gesamten Unternehmen zusammenzuarbeiten, um wirkungsvolle Innovationen auf den Markt zu bringen.&#8220;<\/em>\u00a0<\/p>\n<\/blockquote>\n<\/div>\n\n\n\n<div class=\"wp-block-column is-layout-flow wp-block-column-is-layout-flow\" style=\"flex-basis:33.33%\">\n<figure class=\"wp-block-image size-full\"><img loading=\"lazy\" decoding=\"async\" width=\"350\" height=\"350\" src=\"https:\/\/www.bce.lu\/wp-content\/uploads\/2025\/09\/Pierre-Dereux-Marketing-product-lead-at-BCE-1.png\" alt=\"Portrait of Pierre Dereux, Marketing product lead at BCE\n\" class=\"wp-image-13464\" srcset=\"https:\/\/www.bce.lu\/wp-content\/uploads\/2025\/09\/Pierre-Dereux-Marketing-product-lead-at-BCE-1.png 350w, https:\/\/www.bce.lu\/wp-content\/uploads\/2025\/09\/Pierre-Dereux-Marketing-product-lead-at-BCE-1-300x300.png 300w, https:\/\/www.bce.lu\/wp-content\/uploads\/2025\/09\/Pierre-Dereux-Marketing-product-lead-at-BCE-1-150x150.png 150w\" sizes=\"auto, (max-width: 350px) 100vw, 350px\" \/><\/figure>\n<\/div>\n<\/div>\n\n\n\n<div style=\"height:50px\" aria-hidden=\"true\" class=\"wp-block-spacer\"><\/div>\n\n\n\n<div class=\"wp-block-columns is-layout-flex wp-container-core-columns-is-layout-9d6595d7 wp-block-columns-is-layout-flex\">\n<div class=\"wp-block-column is-layout-flow wp-block-column-is-layout-flow\">\n<p>Die Ernennung von Pierre ist Teil der laufenden Strategie der BCE, ihre Position als <strong>f\u00fchrender Anbieter von Medien- und Technologiel\u00f6sungen und -dienstleistungen<\/strong> zu st\u00e4rken. Mit mehr als <strong>25 Jahren Erfahrung aus erster Hand<\/strong> in den Bereichen <strong>Integration von Broadcast- und Mediensystemen, Managed Services und Produktentwicklung <\/strong>hat sich BCE zu einem vertrauensw\u00fcrdigen Partner f\u00fcr <strong>Medien-, Sport- und Unternehmensorganisationen entwickelt, die\u00a0<\/strong> nach zuverl\u00e4ssigen, skalierbaren und zukunftsf\u00e4higen L\u00f6sungen suchen.\u00a0\u00a0<\/p>\n<\/div>\n\n\n\n<div class=\"wp-block-column is-layout-flow wp-block-column-is-layout-flow\">\n<p>Mit der Ernennung von Pierre zum <strong>Product Marketing Lead<\/strong> st\u00e4rkt BCE seine F\u00e4higkeit, <strong>Markttrends zu antizipieren, seine L\u00f6sungen und Produkte an die sich \u00e4ndernden Kundenbed\u00fcrfnisse anzupassen und<\/strong> in einer zunehmend dynamischen Medienlandschaft\u00a0 einen Mehrwert zu schaffen.\u00a0<\/p>\n<\/div>\n<\/div>\n\n\n\n<div style=\"height:50px\" aria-hidden=\"true\" class=\"wp-block-spacer\"><\/div>\n\n\n\n<div class=\"wp-block-columns is-layout-flex wp-container-core-columns-is-layout-9d6595d7 wp-block-columns-is-layout-flex\">\n<div class=\"wp-block-column is-layout-flow wp-block-column-is-layout-flow\" style=\"flex-basis:33.33%\"><div class=\"wp-block-image\">\n<figure class=\"aligncenter size-full\"><img loading=\"lazy\" decoding=\"async\" width=\"350\" height=\"350\" src=\"https:\/\/www.bce.lu\/wp-content\/uploads\/2025\/09\/Noelle-Prat-Sales-and-marketing-Director-at-BCE.png\" alt=\"Portrait of No\u00eblle Prat, Sales and Marketing Director at BCE.\" class=\"wp-image-13467\" style=\"object-fit:contain\" srcset=\"https:\/\/www.bce.lu\/wp-content\/uploads\/2025\/09\/Noelle-Prat-Sales-and-marketing-Director-at-BCE.png 350w, https:\/\/www.bce.lu\/wp-content\/uploads\/2025\/09\/Noelle-Prat-Sales-and-marketing-Director-at-BCE-300x300.png 300w, https:\/\/www.bce.lu\/wp-content\/uploads\/2025\/09\/Noelle-Prat-Sales-and-marketing-Director-at-BCE-150x150.png 150w\" sizes=\"auto, (max-width: 350px) 100vw, 350px\" \/><\/figure>\n<\/div><\/div>\n\n\n\n<div class=\"wp-block-column is-layout-flow wp-block-column-is-layout-flow\" style=\"flex-basis:66.66%\">\n<div style=\"height:45px\" aria-hidden=\"true\" class=\"wp-block-spacer\"><\/div>\n\n\n\n<blockquote class=\"wp-block-quote is-layout-flow wp-block-quote-is-layout-flow\">\n<p><em>&#8222;Wir freuen uns, Pierre im Team willkommen zu hei\u00dfen. Sein fundierter Hintergrund an der Schnittstelle zwischen Marketing und Technologie wird entscheidend dazu beitragen, die kontinuierliche Weiterentwicklung unserer L\u00f6sungen und Produkte bei BCE zu unterst\u00fctzen und den internationalen Unternehmenserfolg zu st\u00e4rken&#8220;, kommentiert No\u00eblle Prat, Director of Marketing and Sales bei BCE.<\/em>\u00a0<\/p>\n<\/blockquote>\n<\/div>\n<\/div>\n","protected":false},"excerpt":{"rendered":"<p>BCE (Broadcasting Center Europe) freut sich, die Ernennung von [&hellip;]<\/p>\n","protected":false},"author":3,"featured_media":13433,"comment_status":"closed","ping_status":"closed","sticky":false,"template":"","format":"standard","meta":{"_acf_changed":false,"content-type":"","inline_featured_image":false,"_uag_custom_page_level_css":"","_price":"","_stock":"","_tribe_ticket_header":"","_tribe_default_ticket_provider":"","_ticket_start_date":"","_ticket_end_date":"","_tribe_ticket_show_description":"","_tribe_ticket_show_not_going":false,"_tribe_ticket_use_global_stock":"","_tribe_ticket_global_stock_level":"","_global_stock_mode":"","_global_stock_cap":"","_tribe_rsvp_for_event":"","_tribe_ticket_going_count":"","_tribe_ticket_not_going_count":"","_tribe_tickets_list":"[]","_tribe_ticket_has_attendee_info_fields":false,"footnotes":""},"categories":[207],"tags":[],"class_list":["post-13475","post","type-post","status-publish","format-standard","has-post-thumbnail","hentry","category-neuigkeiten"],"acf":[],"uagb_featured_image_src":{"full":["https:\/\/www.bce.lu\/wp-content\/uploads\/2025\/09\/Pierre-Dereux-Marketing-product-lead-at-BCE.png",1280,500,false],"thumbnail":["https:\/\/www.bce.lu\/wp-content\/uploads\/2025\/09\/Pierre-Dereux-Marketing-product-lead-at-BCE-150x150.png",150,150,true],"medium":["https:\/\/www.bce.lu\/wp-content\/uploads\/2025\/09\/Pierre-Dereux-Marketing-product-lead-at-BCE-300x117.png",300,117,true],"medium_large":["https:\/\/www.bce.lu\/wp-content\/uploads\/2025\/09\/Pierre-Dereux-Marketing-product-lead-at-BCE-768x300.png",768,300,true],"large":["https:\/\/www.bce.lu\/wp-content\/uploads\/2025\/09\/Pierre-Dereux-Marketing-product-lead-at-BCE-1024x400.png",1024,400,true],"1536x1536":["https:\/\/www.bce.lu\/wp-content\/uploads\/2025\/09\/Pierre-Dereux-Marketing-product-lead-at-BCE.png",1280,500,false],"2048x2048":["https:\/\/www.bce.lu\/wp-content\/uploads\/2025\/09\/Pierre-Dereux-Marketing-product-lead-at-BCE.png",1280,500,false]},"uagb_author_info":{"display_name":"charline","author_link":"https:\/\/www.bce.lu\/de\/author\/charline\/"},"uagb_comment_info":0,"uagb_excerpt":"BCE (Broadcasting Center Europe) freut sich, die Ernennung von [&hellip;]","_links":{"self":[{"href":"https:\/\/www.bce.lu\/de\/wp-json\/wp\/v2\/posts\/13475","targetHints":{"allow":["GET"]}}],"collection":[{"href":"https:\/\/www.bce.lu\/de\/wp-json\/wp\/v2\/posts"}],"about":[{"href":"https:\/\/www.bce.lu\/de\/wp-json\/wp\/v2\/types\/post"}],"author":[{"embeddable":true,"href":"https:\/\/www.bce.lu\/de\/wp-json\/wp\/v2\/users\/3"}],"replies":[{"embeddable":true,"href":"https:\/\/www.bce.lu\/de\/wp-json\/wp\/v2\/comments?post=13475"}],"version-history":[{"count":5,"href":"https:\/\/www.bce.lu\/de\/wp-json\/wp\/v2\/posts\/13475\/revisions"}],"predecessor-version":[{"id":13481,"href":"https:\/\/www.bce.lu\/de\/wp-json\/wp\/v2\/posts\/13475\/revisions\/13481"}],"wp:featuredmedia":[{"embeddable":true,"href":"https:\/\/www.bce.lu\/de\/wp-json\/wp\/v2\/media\/13433"}],"wp:attachment":[{"href":"https:\/\/www.bce.lu\/de\/wp-json\/wp\/v2\/media?parent=13475"}],"wp:term":[{"taxonomy":"category","embeddable":true,"href":"https:\/\/www.bce.lu\/de\/wp-json\/wp\/v2\/categories?post=13475"},{"taxonomy":"post_tag","embeddable":true,"href":"https:\/\/www.bce.lu\/de\/wp-json\/wp\/v2\/tags?post=13475"}],"curies":[{"name":"wp","href":"https:\/\/api.w.org\/{rel}","templated":true}]}}