{"id":14445,"date":"2025-12-17T16:29:45","date_gmt":"2025-12-17T15:29:45","guid":{"rendered":"https:\/\/www.bce.lu\/?p=14445"},"modified":"2025-12-17T16:30:57","modified_gmt":"2025-12-17T15:30:57","slug":"bce-host-broadcaster-des-trounwiessel","status":"publish","type":"post","link":"https:\/\/www.bce.lu\/de\/neuigkeiten\/bce-host-broadcaster-des-trounwiessel\/","title":{"rendered":"BCE, Host Broadcaster des Trounwiessel\u00a0"},"content":{"rendered":"\n<div style=\"height:30px\" aria-hidden=\"true\" class=\"wp-block-spacer\"><\/div>\n\n\n\n<div style=\"height:30px\" aria-hidden=\"true\" class=\"wp-block-spacer\"><\/div>\n\n\n\n<div class=\"wp-block-columns is-layout-flex wp-container-core-columns-is-layout-9d6595d7 wp-block-columns-is-layout-flex\">\n<div class=\"wp-block-column is-vertically-aligned-center is-layout-flow wp-block-column-is-layout-flow\">\n<figure class=\"wp-block-embed is-type-video is-provider-youtube wp-block-embed-youtube wp-embed-aspect-16-9 wp-has-aspect-ratio\"><div class=\"wp-block-embed__wrapper\">\n<iframe loading=\"lazy\" title=\"BCE - Host Broadcaster of the Trounwiessel, Luxembourg 2025 Throne Accession Ceremonies\" width=\"500\" height=\"281\" src=\"https:\/\/www.youtube.com\/embed\/TfG7NnipgYg?feature=oembed\" frameborder=\"0\" allow=\"accelerometer; autoplay; clipboard-write; encrypted-media; gyroscope; picture-in-picture; web-share\" referrerpolicy=\"strict-origin-when-cross-origin\" allowfullscreen><\/iframe>\n<\/div><\/figure>\n<\/div>\n\n\n\n<div class=\"wp-block-column is-layout-flow wp-block-column-is-layout-flow\">\n<h3 class=\"wp-block-heading has-vivid-red-color has-text-color has-link-color wp-elements-a86a46ed4cc977bffc5d0a37284da090\" style=\"font-size:28px\">Trounwiessel, Luxemburg\u2019s Thronbesteigungszeremonie 2025<\/h3>\n\n\n\n<p>Als Luxemburg die Abdankung von Gro\u00dfherzog Henri und die Ausrufung von Gro\u00dfherzog Guillaume V. miterlebte, versammelte sich die Nation f\u00fcr einen Moment tiefgreifender historischer Bedeutung \u2013 einen, der weit \u00fcber die Grenzen des Landes hinausging.<\/p>\n\n\n\n<p><br>Im Auftrag der <strong>Regierung des Gro\u00dfherzogtums Luxemburg wurde BCE <\/strong>\u00fcber Service <strong>Information et Presse (SIP)<\/strong> mit der Rolle des <strong>offiziellen und internationalen Host Broadcasters <\/strong>betraut, verantwortlich f\u00fcr die Produktion und Koordination des internationalen Live-Signals f\u00fcr die weltweite Verbreitung der Thronbesteigungszeremonie.&nbsp;<\/p>\n<\/div>\n<\/div>\n\n\n\n<div style=\"height:50px\" aria-hidden=\"true\" class=\"wp-block-spacer\"><\/div>\n\n\n\n<div class=\"wp-block-uagb-advanced-heading uagb-block-61e777c7\"><div class=\"uagb-separator\"><\/div><h2 class=\"uagb-heading-text\"><strong>Einen historischen Tag in eine globale \u00dcbertragung verwandeln<\/strong><\/h2><\/div>\n\n\n\n<div style=\"height:50px\" aria-hidden=\"true\" class=\"wp-block-spacer\"><\/div>\n\n\n\n<div class=\"wp-block-columns is-layout-flex wp-container-core-columns-is-layout-9d6595d7 wp-block-columns-is-layout-flex\">\n<div class=\"wp-block-column is-layout-flow wp-block-column-is-layout-flow\">\n<p>Vom <strong>3. bis 5. Oktober 2025<\/strong> lieferte BCE das <strong>offizielle internationale Live-Signal<\/strong>, das&nbsp; weltweit \u00fcber <strong>Eurovision und ENEX verteilt wurde<\/strong>.&nbsp;<\/p>\n\n\n\n<p>Die Mission war klar: eine technisch makellose, visuell fesselnde und journalistisch neutrale Sendung zu liefern, die sowohl die Feierlichkeit der Staatszeremonien als auch den Geist der nationalen Feier einf\u00e4ngt.<br>W\u00e4hrend der drei Tage leitete <strong>BCE die Sendebetriebe der Hosts an sechs.<\/strong>&nbsp;<br><br><strong>Produktionsstandorten im ganzen Land<\/strong>. In Luxemburg-Stadt umfasste die Berichterstattung die <strong>Abdankungs- und Eidzeremonien, den Balkonauftritt und die nationalen Feierlichkeiten<\/strong> am <strong>Place Guillaume II<\/strong> und am <strong>Glacis<\/strong>. &nbsp;<br>Dar\u00fcber hinaus koordinierte BCE <strong>vier entfernte Produktionsstandorte<\/strong> in <strong>Grevenmacher, Wiltz, Steinfort und Dudelange, <\/strong>um eine gleichzeitige Live-Berichterstattung aus dem ganzen Land sicherzustellen. &nbsp;<\/p>\n\n\n\n<p>Alle Standorte waren <strong>in Echtzeit mit dem zentralen Kontrollraum in Luxemburg-Stadt verbunden<\/strong>, was <strong>eine nahtlose Koordination und eine einheitliche Produktion <\/strong>gew\u00e4hrleistete.&nbsp;<\/p>\n<\/div>\n\n\n\n<div class=\"wp-block-column is-vertically-aligned-center is-layout-flow wp-block-column-is-layout-flow\" style=\"flex-basis:33.3%\">\n<div class=\"wp-block-uagb-image uagb-block-f009e77f wp-block-uagb-image--layout-default wp-block-uagb-image--effect-static wp-block-uagb-image--align-none\"><figure class=\"wp-block-uagb-image__figure\"><img decoding=\"async\" srcset=\"https:\/\/www.bce.lu\/wp-content\/uploads\/2025\/12\/Sites-1024x576.jpg ,https:\/\/www.bce.lu\/wp-content\/uploads\/2025\/12\/Sites.jpg 780w, https:\/\/www.bce.lu\/wp-content\/uploads\/2025\/12\/Sites.jpg 360w\" sizes=\"auto, (max-width: 480px) 150px\" src=\"https:\/\/www.bce.lu\/wp-content\/uploads\/2025\/12\/Sites-1024x576.jpg\" alt=\"\" class=\"uag-image-14285\" width=\"376\" height=\"211\" title=\"Sites\" loading=\"lazy\" role=\"img\"\/><\/figure><\/div>\n<\/div>\n<\/div>\n\n\n\n<div style=\"height:50px\" aria-hidden=\"true\" class=\"wp-block-spacer\"><\/div>\n\n\n\n<div class=\"wp-block-uagb-advanced-heading uagb-block-78eb6a6f\"><div class=\"uagb-separator\"><\/div><h2 class=\"uagb-heading-text\"><strong><strong><strong>Eine beispiellose technische Operation<\/strong>&nbsp;<\/strong><\/strong><\/h2><\/div>\n\n\n\n<div style=\"height:50px\" aria-hidden=\"true\" class=\"wp-block-spacer\"><\/div>\n\n\n\n<div class=\"wp-block-columns is-layout-flex wp-container-core-columns-is-layout-9d6595d7 wp-block-columns-is-layout-flex\">\n<div class=\"wp-block-column is-vertically-aligned-center is-layout-flow wp-block-column-is-layout-flow\" style=\"flex-basis:33.33%\">\n<div class=\"wp-block-uagb-image uagb-block-0e0104f2 wp-block-uagb-image--layout-default wp-block-uagb-image--effect-static wp-block-uagb-image--align-none\"><figure class=\"wp-block-uagb-image__figure\"><img decoding=\"async\" srcset=\"https:\/\/www.bce.lu\/wp-content\/uploads\/2025\/12\/OB-VAN-1024x576.jpg ,https:\/\/www.bce.lu\/wp-content\/uploads\/2025\/12\/OB-VAN.jpg 780w, https:\/\/www.bce.lu\/wp-content\/uploads\/2025\/12\/OB-VAN.jpg 360w\" sizes=\"auto, (max-width: 480px) 150px\" src=\"https:\/\/www.bce.lu\/wp-content\/uploads\/2025\/12\/OB-VAN-1024x576.jpg\" alt=\"\" class=\"uag-image-14382\" width=\"416\" height=\"234\" title=\"OB VAN\" loading=\"lazy\" role=\"img\"\/><\/figure><\/div>\n<\/div>\n\n\n\n<div class=\"wp-block-column is-layout-flow wp-block-column-is-layout-flow\" style=\"flex-basis:66.66%\">\n<p>Mit <strong>137 Kameras<\/strong> \u2013 teilweise auf Kr\u00e4nen, Steadicams, Drohnen und integrierten Smartphones \u2013 und fast <strong>280 Ingenieuren, Technikern und Bedienern <\/strong>installierte BCE eine der bedeutendsten Rundfunkinfrastrukturen f\u00fcr eine institutionelle Veranstaltung in Luxemburg.<br>Alle Standorte waren \u00fcber ein <strong>Layer-2-Glasfasernetz<\/strong> miteinander verbunden, was eine Echtzeit-Signal\u00fcbertragung und <strong>redundante Arbeitsabl\u00e4ufe<\/strong> f\u00fcr die Koordination und \u00dcbertragung vom <strong>Haupt-\u00dc-Wagen am Place Guillaume II <\/strong>gew\u00e4hrleistete.<\/p>\n\n\n\n<p>Insgesamt bot der Betrieb <strong>\u00fcber 24 Stunden Live-Berichterstattung auf internationaler<\/strong> Ebene und erreichte weltweit ein Publikum \u00fcber globale Mediennetzwerke und Streaming-Plattformen.&nbsp;<\/p>\n<\/div>\n<\/div>\n\n\n\n<blockquote class=\"wp-block-quote is-layout-flow wp-block-quote-is-layout-flow\">\n<p>&#8222;Als Host Broadcaster war es unsere Mission, ein zuverl\u00e4ssiges, neutrales und st\u00f6rungsfreies Signal f\u00fcr die internationale Distribution bereitzustellen. <br>Die Koordination mehrerer entfernter Standorte in Echtzeit erforderte Pr\u00e4zision und Disziplin \u2013 eine echte gemeinsame Anstrengung unserer technischen Teams&#8220;, <strong>sagte Xavier Thiellen, Produktionsleiter bei BCE, sagte Xavier Thiellen<em>, Produktionsleiter bei BCE,<\/em>&nbsp;<\/strong><\/p>\n<\/blockquote>\n\n\n\n<div style=\"height:50px\" aria-hidden=\"true\" class=\"wp-block-spacer\"><\/div>\n\n\n\n<div class=\"wp-block-uagb-advanced-heading uagb-block-c7bcc859\"><div class=\"uagb-separator\"><\/div><h2 class=\"uagb-heading-text\"><strong><strong><strong>Innovation und technologische Exzellenz<\/strong><\/strong><\/strong><\/h2><\/div>\n\n\n\n<div style=\"height:50px\" aria-hidden=\"true\" class=\"wp-block-spacer\"><\/div>\n\n\n\n<div class=\"wp-block-columns is-layout-flex wp-container-core-columns-is-layout-9d6595d7 wp-block-columns-is-layout-flex\">\n<div class=\"wp-block-column is-vertically-aligned-top is-layout-flow wp-block-column-is-layout-flow\">\n<p>F\u00fcr diese Produktion f\u00fchrte BCE <strong>bahnbrechende Innovationen ein,&nbsp;<\/strong> welche die Live-\u00dcbertragung in Luxemburg neu definierten. Ein gro\u00dfes Highlight war die Einf\u00fchrung des <strong>ersten privaten 5G-Netzwerks des Landes dediziert f\u00fcr Live-Fernsehproduktion <\/strong>und von der ILR genehmigt. Dieses sichere Netzwerk erm\u00f6glichte die Echtzeit\u00fcbertragung von mobilen Kameras und die Live-Integration mehrerer Smartphones, die w\u00e4hrend der Pont Rouge-Performance verwendet wurden.&nbsp;<\/p>\n<\/div>\n\n\n\n<div class=\"wp-block-column is-layout-flow wp-block-column-is-layout-flow\">\n<p>BCE koordinierte au\u00dferdem <strong>die gleichzeitige <\/strong>\u00dcbertragung von <strong>Drohnenaufnahmen<\/strong> aus mehreren St\u00e4dten und bot so dynamische Perspektiven auf die Feierlichkeiten aus der Luft. <br>Im Herzen der Hauptstadt wurde das <strong>Media House \u2013 Container City<\/strong> auf der Place Guillaume II aufgebaut welches tempor\u00e4re Studios, Stand-up-Positionen und \u00dcbersetzungskabinen beherbergte \u2013 ein integriertes Medienzentrum mit direktem Blick auf den Gro\u00dfherzoglichen Palast.&nbsp;<\/p>\n<\/div>\n<\/div>\n\n\n\n<div class=\"wp-block-columns is-layout-flex wp-container-core-columns-is-layout-9d6595d7 wp-block-columns-is-layout-flex\">\n<div class=\"wp-block-column is-layout-flow wp-block-column-is-layout-flow\">\n<div class=\"wp-block-uagb-image uagb-block-731aa910 wp-block-uagb-image--layout-default wp-block-uagb-image--effect-static wp-block-uagb-image--align-none\"><figure class=\"wp-block-uagb-image__figure\"><img decoding=\"async\" srcset=\"https:\/\/www.bce.lu\/wp-content\/uploads\/2025\/12\/freecaster.svg ,https:\/\/www.bce.lu\/wp-content\/uploads\/2025\/12\/freecaster.svg 780w, https:\/\/www.bce.lu\/wp-content\/uploads\/2025\/12\/freecaster.svg 360w\" sizes=\"auto, (max-width: 480px) 150px\" src=\"https:\/\/www.bce.lu\/wp-content\/uploads\/2025\/12\/freecaster.svg\" alt=\"\" class=\"uag-image-14391\" width=\"800\" height=\"450\" title=\"freecaster\" loading=\"lazy\" role=\"img\"\/><\/figure><\/div>\n<\/div>\n<\/div>\n\n\n\n<div class=\"wp-block-columns is-layout-flex wp-container-core-columns-is-layout-9d6595d7 wp-block-columns-is-layout-flex\">\n<div class=\"wp-block-column is-layout-flow wp-block-column-is-layout-flow\">\n<p>Dar\u00fcber hinaus <strong>optimierte BCE das digitale Erlebnis der Veranstaltung \u00fcber seine Freecaster-Plattform<\/strong>, indem&nbsp; sie <strong>Live-Streaming<\/strong> und <strong>VOD-Zugang<\/strong> \u00fcber die offizielle <em>Trounwiessel-Webseite<\/em> erm\u00f6glichte, die einen Countdown und integrierte grafische Elemente beinhaltete. <br>Um die kulturelle Vielfalt Luxemburgs widerzuspiegeln, bot der Stream <strong>Multi-Audio-Optionen<\/strong> auf <strong>Luxemburgisch, Franz\u00f6sisch und Englisch<\/strong> an. Ein <strong>spezieller sekund\u00e4rer Stream<\/strong> lieferte einen <strong>Geb\u00e4rdensprachstrom <\/strong>und sorgte f\u00fcr Barierefreiheit und Inklusivit\u00e4t f\u00fcr alle Zielgruppen.&nbsp;<\/p>\n<\/div>\n\n\n\n<div class=\"wp-block-column is-layout-flow wp-block-column-is-layout-flow\">\n<p>Parallel dazu betrieb BCE eine <strong>eigene Plattform <\/strong>die akkreditierten Journalisten Zugang zu <strong>offiziellen Inhalten, <\/strong>versehen mit dem offiziellen Logo der <strong>Regierungsveranstaltung, erlaubte<\/strong>. <br>Diese Initiative erm\u00f6glichte&nbsp; die <strong>sofortige Nutzung offizieller Videomaterialien<\/strong> durch die internationale Presse und gew\u00e4hrleistete so eine konsistente und hochwertige Darstellung der Zeremonien.&nbsp;<\/p>\n<\/div>\n<\/div>\n\n\n\n<div style=\"height:50px\" aria-hidden=\"true\" class=\"wp-block-spacer\"><\/div>\n\n\n\n<div class=\"wp-block-uagb-advanced-heading uagb-block-1b984870\"><div class=\"uagb-separator\"><\/div><h2 class=\"uagb-heading-text\"><strong><strong><strong>Institutionelle Zusammenarbeit und Vertrauen<\/strong><\/strong><\/strong><\/h2><\/div>\n\n\n\n<div style=\"height:50px\" aria-hidden=\"true\" class=\"wp-block-spacer\"><\/div>\n\n\n\n<div class=\"wp-block-uagb-container uagb-block-691bb5b0 alignfull uagb-is-root-container\"><div class=\"uagb-container-inner-blocks-wrap\">\n<p>Dieses gro\u00df angelegte Projekt war das Ergebnis enger <strong>Zusammenarbeit zwischen BCE, le Service Information et Presse, dem Staatsprotokoll und der Stadt Luxemburg<\/strong>. <br>Die Abstimmung zwischen institutionellen, zeremoniellen und technischen Anforderungen gew\u00e4hrleistete eine reibungslose Durchf\u00fchrung einer hochkomplexen Produktion.&nbsp;<br><strong>RTL T\u00e9l\u00e9 L\u00ebtzebuerg<\/strong> bot erg\u00e4nzende nationale Berichterstattung, integrierte den internationalen Feed von BCE in sein Sonderprogramm und produzierte zus\u00e4tzliche nationale Segmente.&nbsp;<\/p>\n\n\n\n<p>Dieses Projekt wurde in Zusammenarbeit mit unseren anerkannten hochwertigen Partnern realisiert: RTL T\u00e9l\u00e9 L\u00ebtzebuerg als Broadcastpartner, TV Skyline als technischer Partner, Promusik als Lichtpartner, Freelense TV f\u00fcr Satelliten\u00fcbertragung und Eurovision sowie ENEX f\u00fcr dien globale Distribution.&nbsp;<\/p>\n\n\n\n<p>Durch die Produktion des offiziellen Sendesignals der Thronbesteigungszeremonien <strong>zeigte BCE seine technische F\u00fchrungsqualit\u00e4t, seine Innovationsf\u00e4higkeit und best\u00e4tigt damit das von der luxemburgischen Regierung entgegengebrachte Vertrauen<\/strong>. <br>\u00dcber den schieren operativen Umfang hinaus verk\u00f6rperte diese <strong>Mission des \u00f6ffentlichen Dienstes Exzellenz und nationale Repr\u00e4sentanz<\/strong>, die Luxemburgs F\u00e4higkeit zeigte, die h\u00f6chsten europ\u00e4ischen Standards der Rundfunkproduktion zu erf\u00fcllen.&nbsp;<\/p>\n<\/div><\/div>\n\n\n\n<div class=\"wp-block-columns is-layout-flex wp-container-core-columns-is-layout-9d6595d7 wp-block-columns-is-layout-flex\">\n<div class=\"wp-block-column is-vertically-aligned-center is-layout-flow wp-block-column-is-layout-flow\" style=\"flex-basis:66.66%\">\n<blockquote class=\"wp-block-quote is-layout-flow wp-block-quote-is-layout-flow\">\n<p>&#8222;Im Auftrag der Regierung des Gro\u00dff\u00fcrstentums Luxemburg und in enger Zusammenarbeit mit Service Information et Presse zeigte BCE, wie Vertrauen, Innovation und technische Expertise einen historischen nationalen Moment in eine Weltklasse-\u00dcbertragung verwandeln k\u00f6nnen&#8220;, <strong>sagte Fr\u00e9d\u00e9ric Fi\u00e9vez, Chief Operating Officer bei BCE.&nbsp;<\/strong><\/p>\n<\/blockquote>\n<\/div>\n\n\n\n<div class=\"wp-block-column is-vertically-aligned-center is-layout-flow wp-block-column-is-layout-flow\" style=\"flex-basis:33.33%\">\n<figure class=\"wp-block-image size-large is-style-rounded\"><img loading=\"lazy\" decoding=\"async\" width=\"1920\" height=\"900\" src=\"https:\/\/www.bce.lu\/wp-content\/uploads\/2025\/12\/Untitled-design-1.svg\" alt=\"\" class=\"wp-image-14414\" style=\"aspect-ratio:4\/3;object-fit:cover\"\/><\/figure>\n<\/div>\n<\/div>\n","protected":false},"excerpt":{"rendered":"<p>Trounwiessel, Luxemburg\u2019s Thronbesteigungszeremonie 2025 Als Luxemburg die Abdankung von [&hellip;]<\/p>\n","protected":false},"author":3,"featured_media":14437,"comment_status":"closed","ping_status":"closed","sticky":false,"template":"","format":"standard","meta":{"_acf_changed":false,"content-type":"","inline_featured_image":false,"_uag_custom_page_level_css":"","_price":"","_stock":"","_tribe_ticket_header":"","_tribe_default_ticket_provider":"","_ticket_start_date":"","_ticket_end_date":"","_tribe_ticket_show_description":"","_tribe_ticket_show_not_going":false,"_tribe_ticket_use_global_stock":"","_tribe_ticket_global_stock_level":"","_global_stock_mode":"","_global_stock_cap":"","_tribe_rsvp_for_event":"","_tribe_ticket_going_count":"","_tribe_ticket_not_going_count":"","_tribe_tickets_list":"[]","_tribe_ticket_has_attendee_info_fields":false,"footnotes":""},"categories":[207],"tags":[],"class_list":["post-14445","post","type-post","status-publish","format-standard","has-post-thumbnail","hentry","category-neuigkeiten"],"acf":[],"uagb_featured_image_src":{"full":["https:\/\/www.bce.lu\/wp-content\/uploads\/2025\/12\/TROUNWIESSEL-features.png",1280,500,false],"thumbnail":["https:\/\/www.bce.lu\/wp-content\/uploads\/2025\/12\/TROUNWIESSEL-features-150x150.png",150,150,true],"medium":["https:\/\/www.bce.lu\/wp-content\/uploads\/2025\/12\/TROUNWIESSEL-features-300x117.png",300,117,true],"medium_large":["https:\/\/www.bce.lu\/wp-content\/uploads\/2025\/12\/TROUNWIESSEL-features-768x300.png",768,300,true],"large":["https:\/\/www.bce.lu\/wp-content\/uploads\/2025\/12\/TROUNWIESSEL-features-1024x400.png",1024,400,true],"1536x1536":["https:\/\/www.bce.lu\/wp-content\/uploads\/2025\/12\/TROUNWIESSEL-features.png",1280,500,false],"2048x2048":["https:\/\/www.bce.lu\/wp-content\/uploads\/2025\/12\/TROUNWIESSEL-features.png",1280,500,false]},"uagb_author_info":{"display_name":"charline","author_link":"https:\/\/www.bce.lu\/de\/author\/charline\/"},"uagb_comment_info":0,"uagb_excerpt":"Trounwiessel, Luxemburg\u2019s Thronbesteigungszeremonie 2025 Als Luxemburg die Abdankung von [&hellip;]","_links":{"self":[{"href":"https:\/\/www.bce.lu\/de\/wp-json\/wp\/v2\/posts\/14445","targetHints":{"allow":["GET"]}}],"collection":[{"href":"https:\/\/www.bce.lu\/de\/wp-json\/wp\/v2\/posts"}],"about":[{"href":"https:\/\/www.bce.lu\/de\/wp-json\/wp\/v2\/types\/post"}],"author":[{"embeddable":true,"href":"https:\/\/www.bce.lu\/de\/wp-json\/wp\/v2\/users\/3"}],"replies":[{"embeddable":true,"href":"https:\/\/www.bce.lu\/de\/wp-json\/wp\/v2\/comments?post=14445"}],"version-history":[{"count":3,"href":"https:\/\/www.bce.lu\/de\/wp-json\/wp\/v2\/posts\/14445\/revisions"}],"predecessor-version":[{"id":14451,"href":"https:\/\/www.bce.lu\/de\/wp-json\/wp\/v2\/posts\/14445\/revisions\/14451"}],"wp:featuredmedia":[{"embeddable":true,"href":"https:\/\/www.bce.lu\/de\/wp-json\/wp\/v2\/media\/14437"}],"wp:attachment":[{"href":"https:\/\/www.bce.lu\/de\/wp-json\/wp\/v2\/media?parent=14445"}],"wp:term":[{"taxonomy":"category","embeddable":true,"href":"https:\/\/www.bce.lu\/de\/wp-json\/wp\/v2\/categories?post=14445"},{"taxonomy":"post_tag","embeddable":true,"href":"https:\/\/www.bce.lu\/de\/wp-json\/wp\/v2\/tags?post=14445"}],"curies":[{"name":"wp","href":"https:\/\/api.w.org\/{rel}","templated":true}]}}