{"id":10424,"date":"2024-10-31T13:30:00","date_gmt":"2024-10-31T12:30:00","guid":{"rendered":"https:\/\/www.bce.lu\/?p=10424"},"modified":"2024-12-03T11:22:05","modified_gmt":"2024-12-03T10:22:05","slug":"evolution-du-marche-de-lintegration","status":"publish","type":"post","link":"https:\/\/www.bce.lu\/fr\/articles-fr\/evolution-du-marche-de-lintegration\/","title":{"rendered":"\u00c9volution du march\u00e9 de l&rsquo;int\u00e9gration des m\u00e9dias \u00e0 l&rsquo;\u00e8re num\u00e9rique"},"content":{"rendered":"\n<h3 class=\"wp-block-heading\"><strong>Depuis plus de vingt ans, <a href=\"http:\/\/bce.lu\/fr\" target=\"_blank\" rel=\"noreferrer noopener\">BCE<\/a> sillonne avec habilet\u00e9 les chemins du progr\u00e8s technologique. Philippe Mauduit, Pr\u00e9sident des bureaux de BCE en France, et St\u00e9phane G\u00e9rard, Directeur de l&rsquo;ing\u00e9nierie et de l&rsquo;int\u00e9gration chez BCE, nous emm\u00e8nent dans un voyage \u00e0 travers les tendances du march\u00e9, les technologies \u00e9mergentes, les mesures de s\u00e9curit\u00e9 et les d\u00e9fis futurs lors de cette interview exclusive.<\/strong><\/h3>\n\n\n\n<div class=\"wp-block-columns is-layout-flex wp-container-core-columns-is-layout-9d6595d7 wp-block-columns-is-layout-flex\">\n<div class=\"wp-block-column is-layout-flow wp-block-column-is-layout-flow\"><div class=\"wp-block-image\">\n<figure class=\"aligncenter size-medium\"><img loading=\"lazy\" decoding=\"async\" width=\"300\" height=\"300\" src=\"https:\/\/www.bce.lu\/wp-content\/uploads\/2024\/02\/Philippe-Mauduit-BCE-300x300.png\" alt=\"Portrait de Philippe Mauduit, Pr\u00e9sident de BCE France\" class=\"wp-image-10410\" srcset=\"https:\/\/www.bce.lu\/wp-content\/uploads\/2024\/02\/Philippe-Mauduit-BCE-300x300.png 300w, https:\/\/www.bce.lu\/wp-content\/uploads\/2024\/02\/Philippe-Mauduit-BCE-1024x1024.png 1024w, https:\/\/www.bce.lu\/wp-content\/uploads\/2024\/02\/Philippe-Mauduit-BCE-150x150.png 150w, https:\/\/www.bce.lu\/wp-content\/uploads\/2024\/02\/Philippe-Mauduit-BCE-768x768.png 768w, https:\/\/www.bce.lu\/wp-content\/uploads\/2024\/02\/Philippe-Mauduit-BCE.png 1080w\" sizes=\"auto, (max-width: 300px) 100vw, 300px\" \/><\/figure>\n<\/div>\n\n\n<p class=\"has-text-align-center\"><strong><a href=\"https:\/\/bce-8988786.hs-sites.com\/fr-fr\/contactez-philippe-mauduit\" target=\"_blank\" rel=\"noreferrer noopener\">Philippe Mauduit<\/a><\/strong>, Pr\u00e9sident de BCE France<\/p>\n<\/div>\n\n\n\n<div class=\"wp-block-column is-layout-flow wp-block-column-is-layout-flow\"><div class=\"wp-block-image\">\n<figure class=\"aligncenter size-medium\"><img loading=\"lazy\" decoding=\"async\" width=\"300\" height=\"300\" src=\"https:\/\/www.bce.lu\/wp-content\/uploads\/2024\/02\/Stephane-Gerard-BCE-300x300.png\" alt=\"Portrait de St\u00e9phane G\u00e9rard, Directeur de l'ing\u00e9nierie et de l'int\u00e9gration chez BCE\" class=\"wp-image-10413\" srcset=\"https:\/\/www.bce.lu\/wp-content\/uploads\/2024\/02\/Stephane-Gerard-BCE-300x300.png 300w, https:\/\/www.bce.lu\/wp-content\/uploads\/2024\/02\/Stephane-Gerard-BCE-1024x1024.png 1024w, https:\/\/www.bce.lu\/wp-content\/uploads\/2024\/02\/Stephane-Gerard-BCE-150x150.png 150w, https:\/\/www.bce.lu\/wp-content\/uploads\/2024\/02\/Stephane-Gerard-BCE-768x768.png 768w, https:\/\/www.bce.lu\/wp-content\/uploads\/2024\/02\/Stephane-Gerard-BCE.png 1080w\" sizes=\"auto, (max-width: 300px) 100vw, 300px\" \/><\/figure>\n<\/div>\n\n\n<p class=\"has-text-align-center\"><strong><a href=\"https:\/\/www.linkedin.com\/in\/stgerard\/\" target=\"_blank\" rel=\"noreferrer noopener\">St\u00e9phane G\u00e9rard<\/a><\/strong>, Directeur de l&rsquo;ing\u00e9nierie et de l&rsquo;int\u00e9gration chez BCE<\/p>\n<\/div>\n<\/div>\n\n\n\n<div style=\"height:55px\" aria-hidden=\"true\" class=\"wp-block-spacer\"><\/div>\n\n\n\n<div class=\"wp-block-columns is-layout-flex wp-container-core-columns-is-layout-9d6595d7 wp-block-columns-is-layout-flex\">\n<div class=\"wp-block-column is-layout-flow wp-block-column-is-layout-flow\">\n<h3 class=\"wp-block-heading\">Tendances du march\u00e9 : Renouvellement constant \u00e0 l&rsquo;\u00e8re num\u00e9rique<\/h3>\n\n\n\n<p>Avec un vaste historique de projets internationaux r\u00e9ussis couvrant divers pays europ\u00e9ens et des localit\u00e9s \u00e0 travers l&rsquo;Afrique, BCE est devenue synonyme d&rsquo;innovation dans l&rsquo;industrie des m\u00e9dias. Philippe Mauduit d\u00e9bute l&rsquo;interview en soulignant l&rsquo;imp\u00e9ratif mondial de renouveler l&rsquo;infrastructure des entreprises m\u00e9diatiques.<\/p>\n\n\n\n<p>Le r\u00f4le de BCE ne se limite pas \u00e0 la fourniture de solutions ; c&rsquo;est un effort collaboratif qui guide les clients \u00e0 travers un \u00e9ventail croissant de possibilit\u00e9s technologiques.<\/p>\n\n\n\n<p>St\u00e9phane Gerard intervient en soulignant l&rsquo;afflux de nouvelles technologies, telles que l&rsquo;UHD, le HDR et l&rsquo;Intelligence Artificielle. Ces innovations exigent une r\u00e9\u00e9valuation des m\u00e9thodologies de travail au sein de l&rsquo;industrie des m\u00e9dias afin de r\u00e9pondre aux exigences d&rsquo;efficacit\u00e9 et de qualit\u00e9 audiovisuelle de premier ordre.<\/p>\n\n\n\n<p>Un exemple marquant de l&rsquo;expertise de BCE r\u00e9side dans la transition de <a href=\"https:\/\/www.radiofrance.fr\/\" target=\"_blank\" rel=\"noreferrer noopener\">Radio France<\/a> vers l&rsquo;IP, d\u00e9montrant des fa\u00e7ons efficaces de travailler ainsi que l&rsquo;int\u00e9gration de nouveaux flux de travail dans l&rsquo;approche op\u00e9rationnelle du client.<\/p>\n<\/div>\n\n\n\n<div class=\"wp-block-column is-layout-flow wp-block-column-is-layout-flow\">\n<figure class=\"wp-block-image size-large\"><img loading=\"lazy\" decoding=\"async\" width=\"1024\" height=\"576\" src=\"https:\/\/www.bce.lu\/wp-content\/uploads\/2024\/02\/Control-room-and-studio-at-Radio-France-BCE-1024x576.png\" alt=\"Int\u00e9gration - R\u00e9gie et studio de Radio France install\u00e9s par BCE.\" class=\"wp-image-10376\" srcset=\"https:\/\/www.bce.lu\/wp-content\/uploads\/2024\/02\/Control-room-and-studio-at-Radio-France-BCE-1024x576.png 1024w, https:\/\/www.bce.lu\/wp-content\/uploads\/2024\/02\/Control-room-and-studio-at-Radio-France-BCE-300x169.png 300w, https:\/\/www.bce.lu\/wp-content\/uploads\/2024\/02\/Control-room-and-studio-at-Radio-France-BCE-768x432.png 768w, https:\/\/www.bce.lu\/wp-content\/uploads\/2024\/02\/Control-room-and-studio-at-Radio-France-BCE-1536x864.png 1536w, https:\/\/www.bce.lu\/wp-content\/uploads\/2024\/02\/Control-room-and-studio-at-Radio-France-BCE.png 1920w\" sizes=\"auto, (max-width: 1024px) 100vw, 1024px\" \/><\/figure>\n\n\n\n<h6 class=\"wp-block-heading\">R\u00e9gie et studio de Radio France.<\/h6>\n<\/div>\n<\/div>\n\n\n\n<div style=\"height:55px\" aria-hidden=\"true\" class=\"wp-block-spacer\"><\/div>\n\n\n\n<div class=\"wp-block-columns is-layout-flex wp-container-core-columns-is-layout-9d6595d7 wp-block-columns-is-layout-flex\">\n<div class=\"wp-block-column is-layout-flow wp-block-column-is-layout-flow\" style=\"flex-basis:33.33%\">\n<figure class=\"wp-block-image size-large\"><img loading=\"lazy\" decoding=\"async\" width=\"1024\" height=\"682\" src=\"https:\/\/www.bce.lu\/wp-content\/uploads\/2023\/04\/Photos-Enex-Noc-307-1024x682.jpg\" alt=\"L'infrastructure de diffusion IP de BCE \u00e0 RTL City (le si\u00e8ge de BCE).\" class=\"wp-image-4735\" srcset=\"https:\/\/www.bce.lu\/wp-content\/uploads\/2023\/04\/Photos-Enex-Noc-307-1024x682.jpg 1024w, https:\/\/www.bce.lu\/wp-content\/uploads\/2023\/04\/Photos-Enex-Noc-307-300x200.jpg 300w, https:\/\/www.bce.lu\/wp-content\/uploads\/2023\/04\/Photos-Enex-Noc-307-768x511.jpg 768w, https:\/\/www.bce.lu\/wp-content\/uploads\/2023\/04\/Photos-Enex-Noc-307-1536x1022.jpg 1536w, https:\/\/www.bce.lu\/wp-content\/uploads\/2023\/04\/Photos-Enex-Noc-307-2048x1363.jpg 2048w\" sizes=\"auto, (max-width: 1024px) 100vw, 1024px\" \/><\/figure>\n\n\n\n<h6 class=\"wp-block-heading\">L&rsquo;infrastructure de diffusion IP de BCE \u00e0 RTL City (le si\u00e8ge de BCE).<\/h6>\n<\/div>\n\n\n\n<div class=\"wp-block-column is-layout-flow wp-block-column-is-layout-flow\" style=\"flex-basis:66.66%\">\n<h3 class=\"wp-block-heading\"><strong>Les d\u00e9fis dans le paysage technologique en perp\u00e9tuel changement<\/strong><\/h3>\n\n\n\n<p>Suivre le rythme de l&rsquo;\u00e9volution continue de la technologie n\u00e9cessite un engagement envers le gain de connaissance, comme le soulignent les deux experts. St\u00e9phane explore la convergence croissante des m\u00e9dias et de l&rsquo;informatique, soulignant la n\u00e9cessit\u00e9 d&rsquo;une compr\u00e9hension approfondie de l&rsquo;informatique au sein de leurs \u00e9quipes. Philippe ajoute que l&rsquo;adaptation \u00e0 l&rsquo;infrastructure existante des clients n\u00e9cessite une approche collaborative et r\u00e9fl\u00e9chie.<\/p>\n\n\n\n<p>La transition vers l&rsquo;IP pour des acteurs majeurs tels que <a href=\"https:\/\/www.bce.lu\/articles\/ip-broadcast-game-changer\/\" target=\"_blank\" rel=\"noreferrer noopener\">RTL City<\/a>, <a href=\"https:\/\/www.radiofrance.fr\/\" target=\"_blank\" rel=\"noreferrer noopener\">Radio France<\/a>, <a href=\"https:\/\/www.arte.tv\/fr\" target=\"_blank\" rel=\"noreferrer noopener\">ARTE<\/a>, <a href=\"https:\/\/www.france.tv\/\" target=\"_blank\" rel=\"noreferrer noopener\">France T\u00e9l\u00e9visions<\/a>, <a href=\"https:\/\/www.altice.net\/\" target=\"_blank\" rel=\"noreferrer noopener\">Altice<\/a>, et <a href=\"https:\/\/radio.vinci-autoroutes.com\/\" target=\"_blank\" rel=\"noreferrer noopener\">Radio Vinci Autoroutes<\/a> t\u00e9moigne de la capacit\u00e9 de BCE \u00e0 relever des d\u00e9fis li\u00e9s \u00e0 une \u00e9volution constante de notre environnement.<\/p>\n<\/div>\n<\/div>\n\n\n\n<div style=\"height:55px\" aria-hidden=\"true\" class=\"wp-block-spacer\"><\/div>\n\n\n\n<div class=\"wp-block-columns is-layout-flex wp-container-core-columns-is-layout-9d6595d7 wp-block-columns-is-layout-flex\">\n<div class=\"wp-block-column is-layout-flow wp-block-column-is-layout-flow\" style=\"flex-basis:66.66%\">\n<h3 class=\"wp-block-heading\">Technologies \u00e9mergentes : Le cadre technologique de BCE<\/h3>\n\n\n\n<p>Philippe se penche sur l&rsquo;impact significatif de l&rsquo;\u00e9volution de l&rsquo;informatique dans l&rsquo;industrie des m\u00e9dias au cours des deux derni\u00e8res d\u00e9cennies. La croissance importante d&rsquo;Internet a ouvert la voie \u00e0 une compr\u00e9hension approfondie de la technologie, influen\u00e7ant la gestion des tendances audiovisuelles. St\u00e9phane explore les subtilit\u00e9s techniques, mettant en lumi\u00e8re l&rsquo;importance croissante de la technologie IP et la diminution de la d\u00e9pendance envers le mat\u00e9riel d\u00e9di\u00e9.<\/p>\n\n\n\n<p>Le d\u00e9ploiement technologique de BCE se manifeste \u00e0 travers des exemples tels que l&rsquo;int\u00e9gration IP (ST-2110) et le PTP (Precision Time Protocol) chez Radio France, Radio Vinci Autoroutes et Altice. Le passage \u00e0 l\u2019HDR avec Arte, remport\u00e9 dans le cadre d\u2019un dialogue concurrentiel, t\u00e9moigne de l\u2019engagement de BCE \u00e0 explorer de nouvelles technologies, en fournissant notamment une preuve de faisabilit\u00e9 pour les conversions HDR.<\/p>\n<\/div>\n\n\n\n<div class=\"wp-block-column is-layout-flow wp-block-column-is-layout-flow\" style=\"flex-basis:33.33%\">\n<figure class=\"wp-block-image size-large\"><img loading=\"lazy\" decoding=\"async\" width=\"1024\" height=\"576\" src=\"https:\/\/www.bce.lu\/wp-content\/uploads\/2024\/02\/Radio-Vinci-Autoroutes-Studio-BCE-1024x576.png\" alt=\"Int\u00e9gration - Studios de Radio VINCI Autoroutes install\u00e9s par BCE.\" class=\"wp-image-10387\" srcset=\"https:\/\/www.bce.lu\/wp-content\/uploads\/2024\/02\/Radio-Vinci-Autoroutes-Studio-BCE-1024x576.png 1024w, https:\/\/www.bce.lu\/wp-content\/uploads\/2024\/02\/Radio-Vinci-Autoroutes-Studio-BCE-300x169.png 300w, https:\/\/www.bce.lu\/wp-content\/uploads\/2024\/02\/Radio-Vinci-Autoroutes-Studio-BCE-768x432.png 768w, https:\/\/www.bce.lu\/wp-content\/uploads\/2024\/02\/Radio-Vinci-Autoroutes-Studio-BCE-1536x864.png 1536w, https:\/\/www.bce.lu\/wp-content\/uploads\/2024\/02\/Radio-Vinci-Autoroutes-Studio-BCE.png 1920w\" sizes=\"auto, (max-width: 1024px) 100vw, 1024px\" \/><\/figure>\n\n\n\n<h6 class=\"wp-block-heading\">Studios de Radio VINCI Autoroutes.<\/h6>\n<\/div>\n<\/div>\n\n\n\n<div style=\"height:55px\" aria-hidden=\"true\" class=\"wp-block-spacer\"><\/div>\n\n\n\n<h3 class=\"wp-block-heading\">S&rsquo;adapter aux tendances du march\u00e9 : La position agile de BCE<\/h3>\n\n\n\n<div class=\"wp-block-columns is-layout-flex wp-container-core-columns-is-layout-9d6595d7 wp-block-columns-is-layout-flex\">\n<div class=\"wp-block-column is-layout-flow wp-block-column-is-layout-flow\">\n<p>L&rsquo;agilit\u00e9 de BCE dans l&rsquo;adaptation aux tendances du march\u00e9 d\u00e9coule de la formation continue, du maintien de l&rsquo;information sur les d\u00e9veloppements, et de l&rsquo;exploration collaborative de nouvelles technologies avec les clients, comme l&rsquo;indique St\u00e9phane en mettant l&rsquo;accent sur l&rsquo;approche agnostique de BCE, leur permettant de choisir les meilleures solutions en se basant sur des exp\u00e9riences ant\u00e9rieures.<\/p>\n<\/div>\n\n\n\n<div class=\"wp-block-column is-layout-flow wp-block-column-is-layout-flow\">\n<p>La capacit\u00e9 de BCE \u00e0 garder une longueur d&rsquo;avance est illustr\u00e9e par son adoption anticip\u00e9e d&rsquo;un environnement IP, suscitant l&rsquo;int\u00e9r\u00eat de clients tels que Radio France. La volont\u00e9 de tester et de mettre en \u0153uvre de nouvelles solutions t\u00e9moigne d&rsquo;un engagement \u00e0 repousser les limites et \u00e0 adopter les derni\u00e8res avanc\u00e9es technologiques.<\/p>\n<\/div>\n<\/div>\n\n\n\n<div style=\"height:55px\" aria-hidden=\"true\" class=\"wp-block-spacer\"><\/div>\n\n\n\n<div class=\"wp-block-columns is-layout-flex wp-container-core-columns-is-layout-9d6595d7 wp-block-columns-is-layout-flex\">\n<div class=\"wp-block-column is-layout-flow wp-block-column-is-layout-flow\" style=\"flex-basis:33.33%\">\n<figure class=\"wp-block-image size-large\"><img loading=\"lazy\" decoding=\"async\" width=\"1024\" height=\"576\" src=\"https:\/\/www.bce.lu\/wp-content\/uploads\/2024\/02\/France-Televisions-Mobile-Unit-Control-room-BCE-1024x576.png\" alt=\"Int\u00e9graton - R\u00e9gie de l'unit\u00e9 mobile de France T\u00e9l\u00e9visions - UM1\" class=\"wp-image-10382\" srcset=\"https:\/\/www.bce.lu\/wp-content\/uploads\/2024\/02\/France-Televisions-Mobile-Unit-Control-room-BCE-1024x576.png 1024w, https:\/\/www.bce.lu\/wp-content\/uploads\/2024\/02\/France-Televisions-Mobile-Unit-Control-room-BCE-300x169.png 300w, https:\/\/www.bce.lu\/wp-content\/uploads\/2024\/02\/France-Televisions-Mobile-Unit-Control-room-BCE-768x432.png 768w, https:\/\/www.bce.lu\/wp-content\/uploads\/2024\/02\/France-Televisions-Mobile-Unit-Control-room-BCE-1536x864.png 1536w, https:\/\/www.bce.lu\/wp-content\/uploads\/2024\/02\/France-Televisions-Mobile-Unit-Control-room-BCE.png 1920w\" sizes=\"auto, (max-width: 1024px) 100vw, 1024px\" \/><\/figure>\n\n\n\n<h6 class=\"wp-block-heading\">R\u00e9gie de l&rsquo;unit\u00e9 mobile de France T\u00e9l\u00e9visions.<\/h6>\n<\/div>\n\n\n\n<div class=\"wp-block-column is-layout-flow wp-block-column-is-layout-flow\" style=\"flex-basis:66.66%\">\n<h3 class=\"wp-block-heading\">Mesures de s\u00e9curit\u00e9 et de confidentialit\u00e9 : Prot\u00e9ger le patrimoine num\u00e9rique<\/h3>\n\n\n\n<p>\u00c0 l&rsquo;\u00e8re de l&rsquo;int\u00e9gration num\u00e9rique, la s\u00e9curit\u00e9 est essentielle. Les deux experts s&rsquo;accordent sur l&rsquo;importance d&rsquo;int\u00e9grer la cybers\u00e9curit\u00e9 et la protection des donn\u00e9es dans les projets. L&rsquo;approche de BCE implique la r\u00e9alisation d&rsquo;analyses de risques conjointes pour des conceptions s\u00e9curis\u00e9es, comme observ\u00e9 lors du projet d&rsquo;int\u00e9gration des <a href=\"https:\/\/www.bce.lu\/fr\/etude-de-cas\/le-nouveau-car-regie-de-france-televisions\/\" target=\"_blank\" rel=\"noreferrer noopener\">Unit\u00e9s Mobiles de France T\u00e9l\u00e9visions<\/a>.<\/p>\n\n\n\n<p>Les mesures de s\u00e9curit\u00e9 chez BCE sont exhaustives avec une \u00e9quipe interne d\u00e9di\u00e9e \u00e0 la cybers\u00e9curit\u00e9, des certifications (par exemple, ISO 27001, ISAE 3402), et une surveillance continue assur\u00e9e par un Centre d&rsquo;Op\u00e9rations R\u00e9seau (NOC) op\u00e9rationnel 24h\/24, 7j\/7. De plus, la s\u00e9curit\u00e9 est int\u00e9gr\u00e9e au c\u0153ur m\u00eame du d\u00e9veloppement de projets, avec des tests de s\u00e9curit\u00e9 men\u00e9s \u00e0 diff\u00e9rentes phases du projet.<\/p>\n<\/div>\n<\/div>\n\n\n\n<div style=\"height:55px\" aria-hidden=\"true\" class=\"wp-block-spacer\"><\/div>\n\n\n\n<div class=\"wp-block-columns is-layout-flex wp-container-core-columns-is-layout-9d6595d7 wp-block-columns-is-layout-flex\">\n<div class=\"wp-block-column is-layout-flow wp-block-column-is-layout-flow\" style=\"flex-basis:66.66%\">\n<h3 class=\"wp-block-heading\">Collaboration et Valeur Ajout\u00e9e : La Position Unique de BCE<\/h3>\n\n\n\n<p>La valeur ajout\u00e9e de BCE r\u00e9side non seulement dans sa connaissance technologique approfondie, mais aussi dans les relations solides avec les fournisseurs et la curiosit\u00e9 de ses \u00e9quipes.<\/p>\n\n\n\n<p>St\u00e9phane met l&rsquo;accent sur leurs relations de longue date avec les fabricants, favorisant un environnement collaboratif. Dans un souci d&rsquo;innovation permanente, nous nous effor\u00e7ons \u00e9galement de rester \u00e0 l&rsquo;\u00e9coute des fabricants \u00e9mergents et des nouvelles solutions de march\u00e9.<\/p>\n\n\n\n<p>La collaboration s&rsquo;\u00e9tend aux parties prenantes de l&rsquo;industrie par le biais de relations constantes, de la participation \u00e0 des salons professionnel o\u00f9 il est possible de d\u00e9couvrir les derni\u00e8res technologies, et de r\u00e9flexions sur des cas pratiques avec les fournisseurs pour identifier les syst\u00e8mes les mieux adapt\u00e9s \u00e0 un projet. La position unique de BCE, engag\u00e9e dans diverses activit\u00e9s au sein de <a href=\"https:\/\/company.rtl.com\/en\/homepage\/index.html\" target=\"_blank\" rel=\"noreferrer noopener\">RTL Group<\/a>, renforce davantage sa compr\u00e9hension des besoins des clients.<\/p>\n<\/div>\n\n\n\n<div class=\"wp-block-column is-layout-flow wp-block-column-is-layout-flow\" style=\"flex-basis:33.33%\">\n<figure class=\"wp-block-image size-large\"><img loading=\"lazy\" decoding=\"async\" width=\"1024\" height=\"576\" src=\"https:\/\/www.bce.lu\/wp-content\/uploads\/2024\/02\/team-collaboration-project-1024x576.png\" alt=\"Equipe travaillant en collaboration\" class=\"wp-image-10394\" srcset=\"https:\/\/www.bce.lu\/wp-content\/uploads\/2024\/02\/team-collaboration-project-1024x576.png 1024w, https:\/\/www.bce.lu\/wp-content\/uploads\/2024\/02\/team-collaboration-project-300x169.png 300w, https:\/\/www.bce.lu\/wp-content\/uploads\/2024\/02\/team-collaboration-project-768x432.png 768w, https:\/\/www.bce.lu\/wp-content\/uploads\/2024\/02\/team-collaboration-project-1536x864.png 1536w, https:\/\/www.bce.lu\/wp-content\/uploads\/2024\/02\/team-collaboration-project.png 1920w\" sizes=\"auto, (max-width: 1024px) 100vw, 1024px\" \/><\/figure>\n<\/div>\n<\/div>\n\n\n\n<div style=\"height:55px\" aria-hidden=\"true\" class=\"wp-block-spacer\"><\/div>\n\n\n\n<div class=\"wp-block-columns is-layout-flex wp-container-core-columns-is-layout-9d6595d7 wp-block-columns-is-layout-flex\">\n<div class=\"wp-block-column is-layout-flow wp-block-column-is-layout-flow\" style=\"flex-basis:33.33%\">\n<figure class=\"wp-block-image size-large\"><img loading=\"lazy\" decoding=\"async\" width=\"1024\" height=\"576\" src=\"https:\/\/www.bce.lu\/wp-content\/uploads\/2024\/02\/staff-training-BCE-1024x576.png\" alt=\"Formateur parlant \u00e0 une audiance.\" class=\"wp-image-10398\" srcset=\"https:\/\/www.bce.lu\/wp-content\/uploads\/2024\/02\/staff-training-BCE-1024x576.png 1024w, https:\/\/www.bce.lu\/wp-content\/uploads\/2024\/02\/staff-training-BCE-300x169.png 300w, https:\/\/www.bce.lu\/wp-content\/uploads\/2024\/02\/staff-training-BCE-768x432.png 768w, https:\/\/www.bce.lu\/wp-content\/uploads\/2024\/02\/staff-training-BCE-1536x864.png 1536w, https:\/\/www.bce.lu\/wp-content\/uploads\/2024\/02\/staff-training-BCE.png 1920w\" sizes=\"auto, (max-width: 1024px) 100vw, 1024px\" \/><\/figure>\n<\/div>\n\n\n\n<div class=\"wp-block-column is-layout-flow wp-block-column-is-layout-flow\" style=\"flex-basis:66.66%\">\n<h3 class=\"wp-block-heading\">Formation du personnel : Investir dans la connaissance<\/h3>\n\n\n\n<p>Dans un march\u00e9 o\u00f9 les sp\u00e9cialistes sont rares, BCE accorde une importance significative \u00e0 la formation. Philippe aborde la formation th\u00e9orique avec des instituts tels que l&rsquo;<a href=\"https:\/\/www.ina.fr\/\" target=\"_blank\" rel=\"noreferrer noopener\">INA<\/a> pour les normes technologiques et la formation sp\u00e9cialis\u00e9e chez des fabricants tels que Lawo, Riedel, Calrec et Solid State Logic.<\/p>\n\n\n\n<p>De plus, recruter des individus ayant suivi une formation sp\u00e9cifique en IP est crucial pour acqu\u00e9rir les comp\u00e9tences n\u00e9cessaires \u00e0 la mise en \u0153uvre de nouvelles technologies.<\/p>\n\n\n\n<p>Investir dans la formation du personnel n&rsquo;est pas seulement un engagement \u00e0 rester leader, c&rsquo;est aussi une d\u00e9marche strat\u00e9gique visant \u00e0 garantir un effectif de professionnels qualifi\u00e9s capables de r\u00e9pondre \u00e0 l&rsquo;\u00e9volution de la demande des clients.<\/p>\n<\/div>\n<\/div>\n\n\n\n<div style=\"height:55px\" aria-hidden=\"true\" class=\"wp-block-spacer\"><\/div>\n\n\n\n<h3 class=\"wp-block-heading\">Vision pour l&rsquo;avenir : Naviguer en terrain inexplor\u00e9<\/h3>\n\n\n\n<div class=\"wp-block-columns is-layout-flex wp-container-core-columns-is-layout-9d6595d7 wp-block-columns-is-layout-flex\">\n<div class=\"wp-block-column is-layout-flow wp-block-column-is-layout-flow\">\n<p>Un dialogue ouvert entre les clients et les prestataires de services est crucial, indique Philippe, mettant l&rsquo;accent sur l&rsquo;importance de se concentrer sur l&rsquo;innovation.<\/p>\n\n\n\n<p>St\u00e9phane envisage un march\u00e9 de plus en plus connect\u00e9 au num\u00e9rique et au cloud, avec une convergence des professions du num\u00e9rique et de la t\u00e9l\u00e9vision.<\/p>\n\n\n\n<p>La vision va au-del\u00e0 d&rsquo;une simple convergence ; elle englobe l&rsquo;\u00e9volution de la t\u00e9l\u00e9vision lin\u00e9aire et la transformation dynamique de la diffusion de contenu. Le paysage \u00e9volue vers la multiplicit\u00e9 des contenus, atteignant les t\u00e9l\u00e9spectateurs par une multitude de canaux &#8211; du FAST et du web \u00e0 la t\u00e9l\u00e9vision lin\u00e9aire traditionnelle.<\/p>\n<\/div>\n\n\n\n<div class=\"wp-block-column is-layout-flow wp-block-column-is-layout-flow\">\n<p>Cette m\u00e9tamorphose vise \u00e0 couvrir davantage de vecteurs avec les m\u00eames ressources, en donnant la priorit\u00e9 aux attentes des t\u00e9l\u00e9spectateurs en mati\u00e8re de contenu. L&rsquo;avenir r\u00e9side dans la possibilit\u00e9 pour les t\u00e9l\u00e9spectateurs de trouver des programmes cibl\u00e9s sans effort, permettant aux diffuseurs de proposer un contenu adapt\u00e9 aux int\u00e9r\u00eats de leur audience gr\u00e2ce \u00e0 un ciblage pr\u00e9cis.<\/p>\n\n\n\n<p>Philippe envisage d&rsquo;adapter les <a href=\"https:\/\/www.bce.lu\/fr\/solutions-pour-les-medias\/solutions\/mettez-votre-infrastructure-en-place\/\" target=\"_blank\" rel=\"noreferrer noopener\">projets d&rsquo;int\u00e9gration<\/a> en adoptant l&rsquo;Inteligence Artificielle (IA) pour am\u00e9liorer l&rsquo;efficacit\u00e9 de la construction de programmes. Il reconna\u00eet la demande croissante de la jeune population professionnelle pour des technologies avanc\u00e9es et souligne le r\u00f4le des applications d&rsquo;IA dans la cr\u00e9ation de programmes, y compris la transcription et la correction d&rsquo;images.<\/p>\n<\/div>\n<\/div>\n\n\n\n<div style=\"height:55px\" aria-hidden=\"true\" class=\"wp-block-spacer\"><\/div>\n\n\n\n<div class=\"wp-block-columns is-layout-flex wp-container-core-columns-is-layout-9d6595d7 wp-block-columns-is-layout-flex\">\n<div class=\"wp-block-column is-layout-flow wp-block-column-is-layout-flow\" style=\"flex-basis:66.66%\">\n<p>St\u00e9phane se penche sur les d\u00e9fis qui se profilent \u00e0 l&rsquo;horizon o\u00f9 une transformation significative vers le d\u00e9veloppement de contenu num\u00e9rique pour les <a href=\"https:\/\/www.bce.lu\/fr\/solutions-pour-les-medias\/solutions\/gerez-votre-plateforme-ott\/\" target=\"_blank\" rel=\"noreferrer noopener\">services de streaming OTT<\/a>, le <a href=\"https:\/\/www.bce.lu\/fr\/solutions-pour-les-medias\/solutions\/ameliorez-et-distribuez-vos-contenus\/\" target=\"_blank\" rel=\"noreferrer noopener\">web <\/a>et les <a href=\"https:\/\/www.bce.lu\/fr\/solutions-pour-les-medias\/solutions\/lancez-votre-chaine\/\" target=\"_blank\" rel=\"noreferrer noopener\">cha\u00eenes lin\u00e9aires<\/a> est en cours.<\/p>\n\n\n\n<p>Les demandes traditionnelles sont sur le point de diminuer alors qu&rsquo;une approche moderne prend le devant de la sc\u00e8ne, o\u00f9 l&rsquo;avantage concurrentiel r\u00e9side dans le fait d&rsquo;\u00eatre le premier \u00e0 adopter de nouvelles technologies. Cette transition n\u00e9cessite le d\u00e9veloppement de strat\u00e9gies de projet align\u00e9es sur les tendances \u00e9mergentes. En particulier, cela vise \u00e0 faciliter une production de programmes plus rapide, tant pour le contenu lin\u00e9aire que non lin\u00e9aire, comme pour les talk-shows et les programmes en direct.<\/p>\n\n\n\n<p>Il souligne le d\u00e9sir croissant de modernisation au sein de l&rsquo;industrie, associ\u00e9 au d\u00e9fi de mettre en place des installations qui acc\u00e9l\u00e8rent la production de programmes. L&rsquo;int\u00e9gration d&rsquo;outils d&rsquo;analyse pour comprendre les pr\u00e9f\u00e9rences du public devient essentielle, alignant ainsi la cr\u00e9ation de contenu sur les attentes des t\u00e9l\u00e9spectateurs.<\/p>\n\n\n\n<p>En outre, le secteur de l&rsquo;int\u00e9gration est confront\u00e9 au d\u00e9fi financier pos\u00e9 par l&rsquo;\u00e9volution vers des mod\u00e8les bas\u00e9s sur l&rsquo;abonnement plut\u00f4t que sur des licences perp\u00e9tuelles.<\/p>\n\n\n\n<p>Comme le souligne St\u00e9phane, le march\u00e9 devient plus dynamique avec l&rsquo;av\u00e8nement des solutions logicielles en tant que service (SaaS) dans le cloud. S&rsquo;adapter \u00e0 cette demande \u00e9volutive n\u00e9cessite non seulement une flexibilit\u00e9 technique mais pose \u00e9galement des consid\u00e9rations financi\u00e8res pour les int\u00e9grateurs.<\/p>\n<\/div>\n\n\n\n<div class=\"wp-block-column is-layout-flow wp-block-column-is-layout-flow\" style=\"flex-basis:33.33%\">\n<figure class=\"wp-block-image size-large\"><img loading=\"lazy\" decoding=\"async\" width=\"1024\" height=\"576\" src=\"https:\/\/www.bce.lu\/wp-content\/uploads\/2024\/02\/Broadcast-center-BCE-Media-1024x576.png\" alt=\"Centre de diffusion pour les cha\u00eenes lin\u00e9aires chez BCE.\" class=\"wp-image-10420\" srcset=\"https:\/\/www.bce.lu\/wp-content\/uploads\/2024\/02\/Broadcast-center-BCE-Media-1024x576.png 1024w, https:\/\/www.bce.lu\/wp-content\/uploads\/2024\/02\/Broadcast-center-BCE-Media-300x169.png 300w, https:\/\/www.bce.lu\/wp-content\/uploads\/2024\/02\/Broadcast-center-BCE-Media-768x432.png 768w, https:\/\/www.bce.lu\/wp-content\/uploads\/2024\/02\/Broadcast-center-BCE-Media-1536x864.png 1536w, https:\/\/www.bce.lu\/wp-content\/uploads\/2024\/02\/Broadcast-center-BCE-Media.png 1920w\" sizes=\"auto, (max-width: 1024px) 100vw, 1024px\" \/><\/figure>\n\n\n\n<h6 class=\"wp-block-heading\">Centre de diffusion pour les cha\u00eenes lin\u00e9aires chez BCE.<\/h6>\n<\/div>\n<\/div>\n\n\n\n<div style=\"height:55px\" aria-hidden=\"true\" class=\"wp-block-spacer\"><\/div>\n\n\n\n<div class=\"wp-block-columns is-layout-flex wp-container-core-columns-is-layout-9d6595d7 wp-block-columns-is-layout-flex\">\n<div class=\"wp-block-column is-layout-flow wp-block-column-is-layout-flow\">\n<p><strong>Alors que BCE \u00e9volue dans un contexte d&rsquo;int\u00e9gration des m\u00e9dias en pleine transformation, sa vision est claire : l&rsquo;innovation par un dialogue ouvert, un avenir centr\u00e9 sur le num\u00e9rique et un engagement \u00e0 s&rsquo;adapter rapidement aux changements.<\/strong><\/p>\n\n\n\n<p><strong>Les d\u00e9fis sont de taille, mais ils offrent des opportunit\u00e9s de fa\u00e7onner l&rsquo;avenir de l&rsquo;int\u00e9gration des m\u00e9dias et de red\u00e9finir la mani\u00e8re dont les contenus atteignent le public dans cette \u00e8re num\u00e9rique en constante \u00e9volution.<\/strong><\/p>\n<\/div>\n<\/div>\n\n\n\n<div class=\"wp-block-uagb-separator uagb-block-121082f6\"><div class=\"wp-block-uagb-separator__inner\" style=\"--my-background-image:\"><\/div><\/div>\n\n\n\n<h3 class=\"wp-block-heading\"><strong>Cela pourrait vous int\u00e9resser :<\/strong><\/h3>\n\n\n\n<div class=\"wp-block-columns is-layout-flex wp-container-core-columns-is-layout-9d6595d7 wp-block-columns-is-layout-flex\">\n<div class=\"wp-block-column is-layout-flow wp-block-column-is-layout-flow\" style=\"flex-basis:25%\">\n<figure class=\"wp-block-image size-large\"><a href=\"https:\/\/www.bce.lu\/fr\/etude-de-cas\/car-regie-de-france-televisions\/\" target=\"_blank\" rel=\" noreferrer noopener\"><img loading=\"lazy\" decoding=\"async\" width=\"1024\" height=\"698\" src=\"https:\/\/www.bce.lu\/wp-content\/uploads\/2023\/04\/UM1-France-Televisions-1024x698.jpg\" alt=\"Car-r\u00e9gie fourni par BCE pour France T\u00e9l\u00e9visions.\" class=\"wp-image-2923\" srcset=\"https:\/\/www.bce.lu\/wp-content\/uploads\/2023\/04\/UM1-France-Televisions-1024x698.jpg 1024w, https:\/\/www.bce.lu\/wp-content\/uploads\/2023\/04\/UM1-France-Televisions-300x204.jpg 300w, https:\/\/www.bce.lu\/wp-content\/uploads\/2023\/04\/UM1-France-Televisions-768x524.jpg 768w, https:\/\/www.bce.lu\/wp-content\/uploads\/2023\/04\/UM1-France-Televisions-1536x1047.jpg 1536w, https:\/\/www.bce.lu\/wp-content\/uploads\/2023\/04\/UM1-France-Televisions.jpg 2048w\" sizes=\"auto, (max-width: 1024px) 100vw, 1024px\" \/><\/a><\/figure>\n<\/div>\n\n\n\n<div class=\"wp-block-column is-layout-flow wp-block-column-is-layout-flow\" style=\"flex-basis:50%\">\n<p><mark style=\"background-color:rgba(0, 0, 0, 0)\" class=\"has-inline-color has-vivid-red-color\"><strong><mark style=\"background-color:rgba(0, 0, 0, 0)\" class=\"has-inline-color has-vivid-red-color\"><strong><strong><mark style=\"background-color:rgba(0, 0, 0, 0)\" class=\"has-inline-color has-vivid-red-color\">\u00c9<\/mark><\/strong><\/strong><\/mark>TUDE DE CAS <\/strong><\/mark><strong><strong><mark style=\"background-color:rgba(0, 0, 0, 0)\" class=\"has-inline-color has-vivid-red-color\">:<\/mark> Le nouveau car-r\u00e9gie de France T\u00e9l\u00e9visions<\/strong><\/strong><\/p>\n\n\n\n<p>D\u00e9couvrez le nouveau car-r\u00e9gie UM1 de France T\u00e9l\u00e9visions, une unit\u00e9 mobile de production \u00e9quip\u00e9e de technologies hybrides SDI\/IP pour offrir des images en UHD et HDR.<\/p>\n\n\n\n<p> Con\u00e7u pour \u00eatre modulable, il peut accueillir jusqu&rsquo;\u00e0 36 postes de travail et r\u00e9pondre \u00e0 divers besoins de production, allant des \u00e9v\u00e9nements grandioses comme le Tour de France \u00e0 des productions plus modestes. <\/p>\n\n\n\n<p>Pour en savoir plus sur son architecture technique et ses \u00e9quipements innovants, explorez notre page d\u00e9di\u00e9e \u00e0 cette nouvelle r\u00e9alisation.<\/p>\n\n\n\n<div class=\"wp-block-buttons is-layout-flex wp-container-core-buttons-is-layout-c07eda73 wp-block-buttons-is-layout-flex\">\n<div class=\"wp-block-button has-custom-font-size is-style-fill has-small-font-size\"><a class=\"wp-block-button__link has-white-color has-vivid-red-background-color has-text-color has-background has-link-color wp-element-button\" href=\"https:\/\/www.bce.lu\/fr\/etude-de-cas\/car-regie-de-france-televisions\/\" style=\"border-radius:100px\" target=\"_blank\" rel=\"noreferrer noopener\"><strong>Apprenez en plus<\/strong><\/a><\/div>\n<\/div>\n<\/div>\n\n\n\n<div class=\"wp-block-column is-layout-flow wp-block-column-is-layout-flow\" style=\"flex-basis:25%\"><\/div>\n<\/div>\n","protected":false},"excerpt":{"rendered":"<p>Depuis plus de vingt ans, BCE sillonne avec habilet\u00e9 [&hellip;]<\/p>\n","protected":false},"author":3,"featured_media":10408,"comment_status":"closed","ping_status":"closed","sticky":false,"template":"","format":"standard","meta":{"_acf_changed":false,"content-type":"","inline_featured_image":false,"_uag_custom_page_level_css":"","_price":"","_stock":"","_tribe_ticket_header":"","_tribe_default_ticket_provider":"","_ticket_start_date":"","_ticket_end_date":"","_tribe_ticket_show_description":"","_tribe_ticket_show_not_going":false,"_tribe_ticket_use_global_stock":"","_tribe_ticket_global_stock_level":"","_global_stock_mode":"","_global_stock_cap":"","_tribe_rsvp_for_event":"","_tribe_ticket_going_count":"","_tribe_ticket_not_going_count":"","_tribe_tickets_list":"[]","_tribe_ticket_has_attendee_info_fields":false,"footnotes":""},"categories":[117],"tags":[298,300,448,455,721],"class_list":["post-10424","post","type-post","status-publish","format-standard","has-post-thumbnail","hentry","category-articles-fr","tag-stephane-gerard-2","tag-philippe-mauduit-2","tag-integration","tag-media-2","tag-systeme"],"acf":[],"uagb_featured_image_src":{"full":["https:\/\/www.bce.lu\/wp-content\/uploads\/2024\/02\/Evolution-of-the-Media-Integration-Market-in-the-Digital-Age-BCE.png",1280,500,false],"thumbnail":["https:\/\/www.bce.lu\/wp-content\/uploads\/2024\/02\/Evolution-of-the-Media-Integration-Market-in-the-Digital-Age-BCE-150x150.png",150,150,true],"medium":["https:\/\/www.bce.lu\/wp-content\/uploads\/2024\/02\/Evolution-of-the-Media-Integration-Market-in-the-Digital-Age-BCE-300x117.png",300,117,true],"medium_large":["https:\/\/www.bce.lu\/wp-content\/uploads\/2024\/02\/Evolution-of-the-Media-Integration-Market-in-the-Digital-Age-BCE-768x300.png",768,300,true],"large":["https:\/\/www.bce.lu\/wp-content\/uploads\/2024\/02\/Evolution-of-the-Media-Integration-Market-in-the-Digital-Age-BCE-1024x400.png",1024,400,true],"1536x1536":["https:\/\/www.bce.lu\/wp-content\/uploads\/2024\/02\/Evolution-of-the-Media-Integration-Market-in-the-Digital-Age-BCE.png",1280,500,false],"2048x2048":["https:\/\/www.bce.lu\/wp-content\/uploads\/2024\/02\/Evolution-of-the-Media-Integration-Market-in-the-Digital-Age-BCE.png",1280,500,false]},"uagb_author_info":{"display_name":"charline","author_link":"https:\/\/www.bce.lu\/fr\/author\/charline\/"},"uagb_comment_info":0,"uagb_excerpt":"Depuis plus de vingt ans, BCE sillonne avec habilet\u00e9 [&hellip;]","_links":{"self":[{"href":"https:\/\/www.bce.lu\/fr\/wp-json\/wp\/v2\/posts\/10424","targetHints":{"allow":["GET"]}}],"collection":[{"href":"https:\/\/www.bce.lu\/fr\/wp-json\/wp\/v2\/posts"}],"about":[{"href":"https:\/\/www.bce.lu\/fr\/wp-json\/wp\/v2\/types\/post"}],"author":[{"embeddable":true,"href":"https:\/\/www.bce.lu\/fr\/wp-json\/wp\/v2\/users\/3"}],"replies":[{"embeddable":true,"href":"https:\/\/www.bce.lu\/fr\/wp-json\/wp\/v2\/comments?post=10424"}],"version-history":[{"count":30,"href":"https:\/\/www.bce.lu\/fr\/wp-json\/wp\/v2\/posts\/10424\/revisions"}],"predecessor-version":[{"id":12532,"href":"https:\/\/www.bce.lu\/fr\/wp-json\/wp\/v2\/posts\/10424\/revisions\/12532"}],"wp:featuredmedia":[{"embeddable":true,"href":"https:\/\/www.bce.lu\/fr\/wp-json\/wp\/v2\/media\/10408"}],"wp:attachment":[{"href":"https:\/\/www.bce.lu\/fr\/wp-json\/wp\/v2\/media?parent=10424"}],"wp:term":[{"taxonomy":"category","embeddable":true,"href":"https:\/\/www.bce.lu\/fr\/wp-json\/wp\/v2\/categories?post=10424"},{"taxonomy":"post_tag","embeddable":true,"href":"https:\/\/www.bce.lu\/fr\/wp-json\/wp\/v2\/tags?post=10424"}],"curies":[{"name":"wp","href":"https:\/\/api.w.org\/{rel}","templated":true}]}}