{"id":13483,"date":"2025-09-08T17:17:24","date_gmt":"2025-09-08T15:17:24","guid":{"rendered":"https:\/\/www.bce.lu\/?p=13483"},"modified":"2025-09-08T18:45:00","modified_gmt":"2025-09-08T16:45:00","slug":"pierre-dereux-product-marketing-lead","status":"publish","type":"post","link":"https:\/\/www.bce.lu\/fr\/actualites\/pierre-dereux-product-marketing-lead\/","title":{"rendered":"BCE nomme Pierre Dereux au poste de Product Marketing Lead"},"content":{"rendered":"\n<h3 class=\"wp-block-heading\"><strong><a href=\"http:\/\/www.bce.lu\/fr\" target=\"_blank\" rel=\"noreferrer noopener\">BCE <\/a>(Broadcasting Center Europe) a le plaisir d\u2019annoncer la nomination de Pierre Dereux au poste de Product Marketing Lead, au sein de l\u2019\u00e9quipe Sales &amp; Marketing dirig\u00e9e par No\u00eblle Prat, Directrice Marketing et Ventes.<\/strong><\/h3>\n\n\n\n<div style=\"height:50px\" aria-hidden=\"true\" class=\"wp-block-spacer\"><\/div>\n\n\n\n<div class=\"wp-block-columns is-layout-flex wp-container-core-columns-is-layout-9d6595d7 wp-block-columns-is-layout-flex\">\n<div class=\"wp-block-column is-layout-flow wp-block-column-is-layout-flow\">\n<p>Fort de plus de 15 ans d\u2019exp\u00e9rience dans le marketing, le d\u00e9veloppement commercial et les technologies m\u00e9dias, Pierre Dereux a construit sa carri\u00e8re \u00e0 l\u2019intersection de l\u2019innovation et de la strat\u00e9gie produit. Il poss\u00e8de une expertise reconnue en strat\u00e9gies<strong> go-to-market, en positionnement produit et en d\u00e9veloppement des ventes<\/strong>, contribuant \u00e0 acc\u00e9l\u00e9rer la croissance des entreprises et \u00e0 renforcer la satisfaction client dans des environnements hautement comp\u00e9titifs.<br><\/p>\n\n\n\n<p>Au fil de sa carri\u00e8re, il a occup\u00e9 des postes cl\u00e9s dans l\u2019industrie des m\u00e9dias, contribuant au d\u00e9veloppement de cha\u00eenes de t\u00e9l\u00e9vision et de radios th\u00e9matiques internationales. Il a \u00e9galement travaill\u00e9 dans le secteur textile, o\u00f9 il a contribu\u00e9 avec succ\u00e8s \u00e0 l\u2019expansion mondiale de la strat\u00e9gie produit et du marketing digital.<\/p>\n<\/div>\n\n\n\n<div class=\"wp-block-column is-layout-flow wp-block-column-is-layout-flow\">\n<p>Son expertise combin\u00e9e en <strong>technologies m\u00e9dias et en strat\u00e9gie marketing<\/strong> lui permettra, chez BCE, de concevoir et de d\u00e9ployer des approches <strong>go-to-market<\/strong> cr\u00e9atrices de valeur, en ad\u00e9quation avec les besoins des clients et des partenaires. <\/p>\n\n\n\n<p>En collaboration \u00e9troite avec les \u00e9quipes Commerciale, Produit, Technologie et Services Clients, il contribuera \u00e0 renforcer le <strong>positionnement et le d\u00e9veloppement produit<\/strong>, \u00e0 consolider le <strong>discours de marque<\/strong> et \u00e0 travailler avec <strong>l\u2019\u00e9quipe commerciale <\/strong>afin de fournir les outils cl\u00e9s n\u00e9cessaires pour accompagner nos clients vers la r\u00e9ussite de leurs projets.<\/p>\n<\/div>\n<\/div>\n\n\n\n<div style=\"height:50px\" aria-hidden=\"true\" class=\"wp-block-spacer\"><\/div>\n\n\n\n<div class=\"wp-block-columns is-layout-flex wp-container-core-columns-is-layout-9d6595d7 wp-block-columns-is-layout-flex\">\n<div class=\"wp-block-column is-layout-flow wp-block-column-is-layout-flow\" style=\"flex-basis:66.66%\">\n<div style=\"height:23px\" aria-hidden=\"true\" class=\"wp-block-spacer\"><\/div>\n\n\n\n<blockquote class=\"wp-block-quote is-layout-flow wp-block-quote-is-layout-flow\">\n<p>\u00ab Je suis ravi de rejoindre BCE dans une phase de forte \u00e9volution de l\u2019industrie des m\u00e9dias \u00bb d\u00e9clare <strong>Pierre Dereux<\/strong>. \u00ab BCE occupe une position unique, alliant excellence technologique et solide expertise dans l\u2019industrie des m\u00e9dias. Mon objectif est de soutenir l\u2019ambition de l\u2019entreprise qui est de proposer des produits et solutions de pointe r\u00e9pondant aux besoins \u00e9volutifs de nos clients, tout en travaillant en \u00e9troite collaboration avec l\u2019ensemble des \u00e9quipes pour apporter au march\u00e9 des innovations \u00e0 fort impact. \u00bb<\/p>\n<\/blockquote>\n\n\n\n<p><\/p>\n<\/div>\n\n\n\n<div class=\"wp-block-column is-layout-flow wp-block-column-is-layout-flow\" style=\"flex-basis:33.33%\">\n<figure class=\"wp-block-image size-full\"><img loading=\"lazy\" decoding=\"async\" width=\"350\" height=\"350\" src=\"https:\/\/www.bce.lu\/wp-content\/uploads\/2025\/09\/Pierre-Dereux-Marketing-product-lead-at-BCE-1.png\" alt=\"Portrait of Pierre Dereux, Marketing product lead at BCE\n\" class=\"wp-image-13464\" srcset=\"https:\/\/www.bce.lu\/wp-content\/uploads\/2025\/09\/Pierre-Dereux-Marketing-product-lead-at-BCE-1.png 350w, https:\/\/www.bce.lu\/wp-content\/uploads\/2025\/09\/Pierre-Dereux-Marketing-product-lead-at-BCE-1-300x300.png 300w, https:\/\/www.bce.lu\/wp-content\/uploads\/2025\/09\/Pierre-Dereux-Marketing-product-lead-at-BCE-1-150x150.png 150w\" sizes=\"auto, (max-width: 350px) 100vw, 350px\" \/><\/figure>\n<\/div>\n<\/div>\n\n\n\n<div style=\"height:50px\" aria-hidden=\"true\" class=\"wp-block-spacer\"><\/div>\n\n\n\n<div class=\"wp-block-columns is-layout-flex wp-container-core-columns-is-layout-9d6595d7 wp-block-columns-is-layout-flex\">\n<div class=\"wp-block-column is-layout-flow wp-block-column-is-layout-flow\">\n<p>La nomination de Pierre s\u2019inscrit dans la strat\u00e9gie continue de BCE visant \u00e0 renforcer sa position de <strong>leader dans les solutions et services m\u00e9dias et technologiques.<\/strong><\/p>\n\n\n\n<p>Fort de <strong>plus de 25 ans d\u2019exp\u00e9rience<\/strong> dans <strong>l\u2019int\u00e9gration de syst\u00e8mes, les services m\u00e9dias et broadcast ainsi que le d\u00e9veloppement de produits,<\/strong> BCE est devenu un partenaire de confiance pour les acteurs des <strong>m\u00e9dias, du sport et du monde corporate<\/strong>, en qu\u00eate de solutions fiables, \u00e9volutives et pr\u00eates pour l\u2019avenir.<\/p>\n<\/div>\n\n\n\n<div class=\"wp-block-column is-layout-flow wp-block-column-is-layout-flow\">\n<p>En nommant Pierre au poste de <strong>Product Marketing Lead<\/strong>, BCE renforce sa capacit\u00e9 \u00e0 <strong>anticiper les tendances du march\u00e9, \u00e0 adapter ses solutions et produits aux besoins \u00e9volutifs de ses clients et \u00e0 cr\u00e9er davantage de valeur <\/strong>dans un paysage m\u00e9diatique en constante \u00e9volution.<\/p>\n<\/div>\n<\/div>\n\n\n\n<div style=\"height:50px\" aria-hidden=\"true\" class=\"wp-block-spacer\"><\/div>\n\n\n\n<div class=\"wp-block-columns is-layout-flex wp-container-core-columns-is-layout-9d6595d7 wp-block-columns-is-layout-flex\">\n<div class=\"wp-block-column is-layout-flow wp-block-column-is-layout-flow\" style=\"flex-basis:33.33%\"><div class=\"wp-block-image\">\n<figure class=\"aligncenter size-full\"><img loading=\"lazy\" decoding=\"async\" width=\"350\" height=\"350\" src=\"https:\/\/www.bce.lu\/wp-content\/uploads\/2025\/09\/Noelle-Prat-Sales-and-marketing-Director-at-BCE.png\" alt=\"Portrait of No\u00eblle Prat, Sales and Marketing Director at BCE.\" class=\"wp-image-13467\" style=\"object-fit:contain\" srcset=\"https:\/\/www.bce.lu\/wp-content\/uploads\/2025\/09\/Noelle-Prat-Sales-and-marketing-Director-at-BCE.png 350w, https:\/\/www.bce.lu\/wp-content\/uploads\/2025\/09\/Noelle-Prat-Sales-and-marketing-Director-at-BCE-300x300.png 300w, https:\/\/www.bce.lu\/wp-content\/uploads\/2025\/09\/Noelle-Prat-Sales-and-marketing-Director-at-BCE-150x150.png 150w\" sizes=\"auto, (max-width: 350px) 100vw, 350px\" \/><\/figure>\n<\/div><\/div>\n\n\n\n<div class=\"wp-block-column is-layout-flow wp-block-column-is-layout-flow\" style=\"flex-basis:66.66%\">\n<div style=\"height:45px\" aria-hidden=\"true\" class=\"wp-block-spacer\"><\/div>\n\n\n\n<blockquote class=\"wp-block-quote is-layout-flow wp-block-quote-is-layout-flow\">\n<p>\u00ab Nous sommes ravis d\u2019accueillir Pierre au sein de l\u2019\u00e9quipe. Son solide parcours, \u00e0 la crois\u00e9e du marketing et de la technologie, sera d\u00e9terminant pour accompagner l\u2019\u00e9volution continue de nos solutions et produits et pour renforcer la r\u00e9ussite de nos clients \u00e0 l\u2019international \u00bb, commente No\u00eblle Prat, Directrice Marketing et Ventes chez BCE.<\/p>\n<\/blockquote>\n<\/div>\n<\/div>\n","protected":false},"excerpt":{"rendered":"<p>BCE (Broadcasting Center Europe) a le plaisir d\u2019annoncer la [&hellip;]<\/p>\n","protected":false},"author":3,"featured_media":13432,"comment_status":"closed","ping_status":"closed","sticky":false,"template":"","format":"standard","meta":{"_acf_changed":false,"content-type":"","inline_featured_image":false,"_uag_custom_page_level_css":"","_price":"","_stock":"","_tribe_ticket_header":"","_tribe_default_ticket_provider":"","_ticket_start_date":"","_ticket_end_date":"","_tribe_ticket_show_description":"","_tribe_ticket_show_not_going":false,"_tribe_ticket_use_global_stock":"","_tribe_ticket_global_stock_level":"","_global_stock_mode":"","_global_stock_cap":"","_tribe_rsvp_for_event":"","_tribe_ticket_going_count":"","_tribe_ticket_not_going_count":"","_tribe_tickets_list":"[]","_tribe_ticket_has_attendee_info_fields":false,"footnotes":""},"categories":[113],"tags":[],"class_list":["post-13483","post","type-post","status-publish","format-standard","has-post-thumbnail","hentry","category-actualites"],"acf":[],"uagb_featured_image_src":{"full":["https:\/\/www.bce.lu\/wp-content\/uploads\/2025\/09\/Pierre-Dereux-Marketing-product-lead-at-BCE.png",1280,500,false],"thumbnail":["https:\/\/www.bce.lu\/wp-content\/uploads\/2025\/09\/Pierre-Dereux-Marketing-product-lead-at-BCE-150x150.png",150,150,true],"medium":["https:\/\/www.bce.lu\/wp-content\/uploads\/2025\/09\/Pierre-Dereux-Marketing-product-lead-at-BCE-300x117.png",300,117,true],"medium_large":["https:\/\/www.bce.lu\/wp-content\/uploads\/2025\/09\/Pierre-Dereux-Marketing-product-lead-at-BCE-768x300.png",768,300,true],"large":["https:\/\/www.bce.lu\/wp-content\/uploads\/2025\/09\/Pierre-Dereux-Marketing-product-lead-at-BCE-1024x400.png",1024,400,true],"1536x1536":["https:\/\/www.bce.lu\/wp-content\/uploads\/2025\/09\/Pierre-Dereux-Marketing-product-lead-at-BCE.png",1280,500,false],"2048x2048":["https:\/\/www.bce.lu\/wp-content\/uploads\/2025\/09\/Pierre-Dereux-Marketing-product-lead-at-BCE.png",1280,500,false]},"uagb_author_info":{"display_name":"charline","author_link":"https:\/\/www.bce.lu\/fr\/author\/charline\/"},"uagb_comment_info":0,"uagb_excerpt":"BCE (Broadcasting Center Europe) a le plaisir d\u2019annoncer la [&hellip;]","_links":{"self":[{"href":"https:\/\/www.bce.lu\/fr\/wp-json\/wp\/v2\/posts\/13483","targetHints":{"allow":["GET"]}}],"collection":[{"href":"https:\/\/www.bce.lu\/fr\/wp-json\/wp\/v2\/posts"}],"about":[{"href":"https:\/\/www.bce.lu\/fr\/wp-json\/wp\/v2\/types\/post"}],"author":[{"embeddable":true,"href":"https:\/\/www.bce.lu\/fr\/wp-json\/wp\/v2\/users\/3"}],"replies":[{"embeddable":true,"href":"https:\/\/www.bce.lu\/fr\/wp-json\/wp\/v2\/comments?post=13483"}],"version-history":[{"count":2,"href":"https:\/\/www.bce.lu\/fr\/wp-json\/wp\/v2\/posts\/13483\/revisions"}],"predecessor-version":[{"id":13488,"href":"https:\/\/www.bce.lu\/fr\/wp-json\/wp\/v2\/posts\/13483\/revisions\/13488"}],"wp:featuredmedia":[{"embeddable":true,"href":"https:\/\/www.bce.lu\/fr\/wp-json\/wp\/v2\/media\/13432"}],"wp:attachment":[{"href":"https:\/\/www.bce.lu\/fr\/wp-json\/wp\/v2\/media?parent=13483"}],"wp:term":[{"taxonomy":"category","embeddable":true,"href":"https:\/\/www.bce.lu\/fr\/wp-json\/wp\/v2\/categories?post=13483"},{"taxonomy":"post_tag","embeddable":true,"href":"https:\/\/www.bce.lu\/fr\/wp-json\/wp\/v2\/tags?post=13483"}],"curies":[{"name":"wp","href":"https:\/\/api.w.org\/{rel}","templated":true}]}}