{"id":3311,"date":"2021-02-24T16:36:00","date_gmt":"2021-02-24T15:36:00","guid":{"rendered":"https:\/\/www.bce.lu\/?p=3311"},"modified":"2023-05-26T09:35:47","modified_gmt":"2023-05-26T07:35:47","slug":"le-bundesrat-a-tenu-sa-1000e-assemblee","status":"publish","type":"post","link":"https:\/\/www.bce.lu\/fr\/actualites\/le-bundesrat-a-tenu-sa-1000e-assemblee\/","title":{"rendered":"Le Bundesrat a tenu sa 1000e assembl\u00e9e"},"content":{"rendered":"\n<figure class=\"wp-block-image size-full is-resized\"><img loading=\"lazy\" decoding=\"async\" src=\"https:\/\/www.bce.lu\/wp-content\/uploads\/2023\/04\/Bundesrat_Logo-600.png\" alt=\"\" class=\"wp-image-1993\" width=\"350\" height=\"107\" srcset=\"https:\/\/www.bce.lu\/wp-content\/uploads\/2023\/04\/Bundesrat_Logo-600.png 700w, https:\/\/www.bce.lu\/wp-content\/uploads\/2023\/04\/Bundesrat_Logo-600-300x91.png 300w\" sizes=\"auto, (max-width: 350px) 100vw, 350px\" \/><\/figure>\n\n\n\n<h3 class=\"wp-block-heading\">Le 7 septembre 1949, le Bundesrat se rencontrait pour la premi\u00e8re fois \u00e0 Bonn. Apr\u00e8s plus de sept d\u00e9cennies d\u2019activit\u00e9 et le d\u00e9m\u00e9nagement \u00e0 Berlin il y a plus de 20 ans, le Bundesrat a tenu sa 1000e assembl\u00e9e le 12 f\u00e9vrier 2021.<\/h3>\n\n\n\n<div class=\"wp-block-columns is-layout-flex wp-container-core-columns-is-layout-9d6595d7 wp-block-columns-is-layout-flex\">\n<div class=\"wp-block-column is-layout-flow wp-block-column-is-layout-flow\">\n<p>Depuis 2018, Freecaster (filiale de BCE \u2013 Broadcasting Center Europe) assure la diffusion en direct des sessions ainsi que leur publication sous forme de vid\u00e9o \u00e0 la demande sur le site du Bundesrat.<\/p>\n\n\n\n<p>Suite \u00e0 un appel d\u2019offres public, le Bundesrat a s\u00e9lectionn\u00e9 Post Telecom Luxembourg et Freecaster. La connectivit\u00e9 de l\u2019op\u00e9rateur t\u00e9l\u00e9com luxembourgeois, combin\u00e9e \u00e0 la production et \u00e0 la distribution de contenus en direct sur internet de Freecaster, ont \u00e9t\u00e9 les facteurs cl\u00e9s du succ\u00e8s de ce projet.<\/p>\n\n\n\n<p>Gr\u00e2ce \u00e0 l\u2019enrichissement des m\u00e9tadonn\u00e9es en direct lors des r\u00e9unions en direct du Bundesrat, tout le contenu vid\u00e9o est livr\u00e9 au public avec des informations claires sur chaque session (sections, th\u00e8mes, orateurs, partis politiques, etc.). Freecaster a d\u00e9velopp\u00e9 un lecteur vid\u00e9o sur mesure qui permet la vision et la s\u00e9lection des chapitres en fonction de ces m\u00e9tadonn\u00e9es.<\/p>\n<\/div>\n\n\n\n<div class=\"wp-block-column is-layout-flow wp-block-column-is-layout-flow\"><div class=\"wp-block-image\">\n<figure class=\"aligncenter size-large is-resized\"><img loading=\"lazy\" decoding=\"async\" src=\"https:\/\/www.bce.lu\/wp-content\/uploads\/2023\/04\/Bundesrat_select2-1024x682.jpg\" alt=\"\" class=\"wp-image-1996\" width=\"512\" height=\"341\" srcset=\"https:\/\/www.bce.lu\/wp-content\/uploads\/2023\/04\/Bundesrat_select2-1024x682.jpg 1024w, https:\/\/www.bce.lu\/wp-content\/uploads\/2023\/04\/Bundesrat_select2-300x200.jpg 300w, https:\/\/www.bce.lu\/wp-content\/uploads\/2023\/04\/Bundesrat_select2-768x512.jpg 768w, https:\/\/www.bce.lu\/wp-content\/uploads\/2023\/04\/Bundesrat_select2.jpg 1280w\" sizes=\"auto, (max-width: 512px) 100vw, 512px\" \/><\/figure>\n<\/div><\/div>\n<\/div>\n\n\n\n<div class=\"wp-block-columns is-layout-flex wp-container-core-columns-is-layout-9d6595d7 wp-block-columns-is-layout-flex\">\n<div class=\"wp-block-column is-layout-flow wp-block-column-is-layout-flow\">\n<figure class=\"wp-block-image size-large\"><img loading=\"lazy\" decoding=\"async\" width=\"1024\" height=\"680\" src=\"https:\/\/www.bce.lu\/wp-content\/uploads\/2023\/04\/Bundesrat_select3-1024x680.jpg\" alt=\"\" class=\"wp-image-2000\" srcset=\"https:\/\/www.bce.lu\/wp-content\/uploads\/2023\/04\/Bundesrat_select3-1024x680.jpg 1024w, https:\/\/www.bce.lu\/wp-content\/uploads\/2023\/04\/Bundesrat_select3-300x199.jpg 300w, https:\/\/www.bce.lu\/wp-content\/uploads\/2023\/04\/Bundesrat_select3-768x510.jpg 768w, https:\/\/www.bce.lu\/wp-content\/uploads\/2023\/04\/Bundesrat_select3.jpg 1280w\" sizes=\"auto, (max-width: 1024px) 100vw, 1024px\" \/><\/figure>\n<\/div>\n\n\n\n<div class=\"wp-block-column is-layout-flow wp-block-column-is-layout-flow\">\n<p>De plus, les fichiers sont disponibles en vid\u00e9o \u00e0 la demande imm\u00e9diatement apr\u00e8s la session en direct sur la \u00ab Mediathek \u00bb. D\u00e9velopp\u00e9 par Freecaster, ce portail permet au Bundesrat de classer et d\u2019organiser facilement son contenu vid\u00e9o et de le rendre accessible au public (en streaming ou en t\u00e9l\u00e9chargement). Cette derni\u00e8re compte aujourd\u2019hui plus de 7 ans de sessions. La plate-forme a \u00e9t\u00e9 int\u00e9gr\u00e9e de mani\u00e8re transparente dans leur syst\u00e8me de gestion de contenu, ce qui permet au Bundesrat de g\u00e9rer et de publier ses sessions en toute autonomie.<\/p>\n\n\n\n<p>Une instance d\u00e9di\u00e9e de la solution Freecaster OVP (Online Video Platform) a \u00e9t\u00e9 d\u00e9ploy\u00e9e dans deux datacentres situ\u00e9s en Allemagne et un m\u00e9canisme de basculement de flux vid\u00e9o en cas d\u2019interruption a \u00e9t\u00e9 mis en place au niveau du CDN (Content Delivery Network), assurant la r\u00e9silience du service. L\u2019encodage redondant et l\u2019\u00e9quipement r\u00e9seau du Bundesrat \u00e0 Berlin alimentent le contenu en direct vers les datacentres, dans lesquels toutes les vid\u00e9os sont dupliqu\u00e9s.<\/p>\n<\/div>\n<\/div>\n\n\n\n<blockquote class=\"wp-block-quote is-layout-flow wp-block-quote-is-layout-flow\">\n<p><\/p>\n<cite><em><em>\u00ab Apr\u00e8s un an de coronavirus, nous devons souligner l\u2019importance de rester en contact avec le public. En 2018, le Bundesrat a \u00e9t\u00e9 un v\u00e9ritable pionnier en termes de communication vid\u00e9o publique, donnant acc\u00e8s \u00e0 des informations en direct. \u00bb Explique Baptiste Foss\u00e9prez, Products &amp; Services Development Director chez BCE. \u00ab Gr\u00e2ce \u00e0 sa solide expertise en vid\u00e9o en ligne, BCE peut r\u00e9pondre \u00e0 tous les besoins d\u2019institutions de premier plan gr\u00e2ce \u00e0 des services de haute qualit\u00e9 r\u00e9silients et s\u00e9curis\u00e9s. Aujourd\u2019hui, nous sommes fiers de faire partie de l\u2019histoire du Bundesrat et nous sommes impatients de l\u2019accompagner dans ses communications et d\u00e9veloppements futurs. \u00bb Conclut Baptiste Foss\u00e9prez.<\/em><\/em><\/cite><\/blockquote>\n","protected":false},"excerpt":{"rendered":"<p>Le 7 septembre 1949, le Bundesrat se rencontrait pour [&hellip;]<\/p>\n","protected":false},"author":3,"featured_media":2005,"comment_status":"open","ping_status":"open","sticky":false,"template":"","format":"standard","meta":{"_acf_changed":false,"content-type":"","inline_featured_image":false,"_uag_custom_page_level_css":"","_price":"","_stock":"","_tribe_ticket_header":"","_tribe_default_ticket_provider":"","_ticket_start_date":"","_ticket_end_date":"","_tribe_ticket_show_description":"","_tribe_ticket_show_not_going":false,"_tribe_ticket_use_global_stock":"","_tribe_ticket_global_stock_level":"","_global_stock_mode":"","_global_stock_cap":"","_tribe_rsvp_for_event":"","_tribe_ticket_going_count":"","_tribe_ticket_not_going_count":"","_tribe_tickets_list":"[]","_tribe_ticket_has_attendee_info_fields":false,"footnotes":""},"categories":[113],"tags":[83],"class_list":["post-3311","post","type-post","status-publish","format-standard","has-post-thumbnail","hentry","category-actualites","tag-institutions-3"],"acf":[],"uagb_featured_image_src":{"full":["https:\/\/www.bce.lu\/wp-content\/uploads\/2023\/04\/Featured-Bundesrat.png",1280,500,false],"thumbnail":["https:\/\/www.bce.lu\/wp-content\/uploads\/2023\/04\/Featured-Bundesrat-150x150.png",150,150,true],"medium":["https:\/\/www.bce.lu\/wp-content\/uploads\/2023\/04\/Featured-Bundesrat-300x117.png",300,117,true],"medium_large":["https:\/\/www.bce.lu\/wp-content\/uploads\/2023\/04\/Featured-Bundesrat-768x300.png",768,300,true],"large":["https:\/\/www.bce.lu\/wp-content\/uploads\/2023\/04\/Featured-Bundesrat-1024x400.png",1024,400,true],"1536x1536":["https:\/\/www.bce.lu\/wp-content\/uploads\/2023\/04\/Featured-Bundesrat.png",1280,500,false],"2048x2048":["https:\/\/www.bce.lu\/wp-content\/uploads\/2023\/04\/Featured-Bundesrat.png",1280,500,false]},"uagb_author_info":{"display_name":"charline","author_link":"https:\/\/www.bce.lu\/fr\/author\/charline\/"},"uagb_comment_info":0,"uagb_excerpt":"Le 7 septembre 1949, le Bundesrat se rencontrait pour [&hellip;]","_links":{"self":[{"href":"https:\/\/www.bce.lu\/fr\/wp-json\/wp\/v2\/posts\/3311","targetHints":{"allow":["GET"]}}],"collection":[{"href":"https:\/\/www.bce.lu\/fr\/wp-json\/wp\/v2\/posts"}],"about":[{"href":"https:\/\/www.bce.lu\/fr\/wp-json\/wp\/v2\/types\/post"}],"author":[{"embeddable":true,"href":"https:\/\/www.bce.lu\/fr\/wp-json\/wp\/v2\/users\/3"}],"replies":[{"embeddable":true,"href":"https:\/\/www.bce.lu\/fr\/wp-json\/wp\/v2\/comments?post=3311"}],"version-history":[{"count":6,"href":"https:\/\/www.bce.lu\/fr\/wp-json\/wp\/v2\/posts\/3311\/revisions"}],"predecessor-version":[{"id":3319,"href":"https:\/\/www.bce.lu\/fr\/wp-json\/wp\/v2\/posts\/3311\/revisions\/3319"}],"wp:featuredmedia":[{"embeddable":true,"href":"https:\/\/www.bce.lu\/fr\/wp-json\/wp\/v2\/media\/2005"}],"wp:attachment":[{"href":"https:\/\/www.bce.lu\/fr\/wp-json\/wp\/v2\/media?parent=3311"}],"wp:term":[{"taxonomy":"category","embeddable":true,"href":"https:\/\/www.bce.lu\/fr\/wp-json\/wp\/v2\/categories?post=3311"},{"taxonomy":"post_tag","embeddable":true,"href":"https:\/\/www.bce.lu\/fr\/wp-json\/wp\/v2\/tags?post=3311"}],"curies":[{"name":"wp","href":"https:\/\/api.w.org\/{rel}","templated":true}]}}