{"id":6672,"date":"2023-01-10T13:17:00","date_gmt":"2023-01-10T12:17:00","guid":{"rendered":"https:\/\/www.bce.lu\/non-classifiee\/bce-covers-the-new-years-interview-of-fernand-etgen\/"},"modified":"2024-12-02T13:50:16","modified_gmt":"2024-12-02T12:50:16","slug":"fernand-etgen-interview-nouvel-an","status":"publish","type":"post","link":"https:\/\/www.bce.lu\/fr\/actualites\/fernand-etgen-interview-nouvel-an\/","title":{"rendered":"BCE realise la couverture de l&rsquo;interview du nouvel an de Fernand Etgen"},"content":{"rendered":"\n<h3 class=\"wp-block-heading\">Dans le cadre de ses services pour le programme Chamber Aktuell, BCE \u00e9tait \u00e0 la Chambre des D\u00e9put\u00e9s du Luxembourg pour couvrir l&rsquo;interview du pr\u00e9sident de la Chambre, Fernand Etgen, \u00e0 l&rsquo;occasion du Nouvel An.<\/h3>\n\n\n\n<div class=\"wp-block-columns is-layout-flex wp-container-core-columns-is-layout-9d6595d7 wp-block-columns-is-layout-flex\">\n<div class=\"wp-block-column is-layout-flow wp-block-column-is-layout-flow\">\n<p>Produit par <a href=\"http:\/\/bce.lu\/fr\" target=\"_blank\" rel=\"noreferrer noopener\">BCE <\/a>en haute d\u00e9finition depuis ses studios, le programme <a href=\"https:\/\/www.chd.lu\/fr\/chamber_aktuell\" target=\"_blank\" rel=\"noreferrer noopener\">Chamber Aktuell<\/a> est un programme de 30 minutes enregistr\u00e9 chaque lundi apr\u00e8s-midi et diffus\u00e9 le soir sur la cha\u00eene de t\u00e9l\u00e9vision de la Chambre.<\/p>\n\n\n\n<p>Pour cette interview sp\u00e9ciale de Nouvel An, l&rsquo;\u00e9quipe de production de BCE \u00e9tait sur place avec une unit\u00e9 de production mobile, permettant une <a href=\"https:\/\/www.bce.lu\/fr\/solutions-pour-les-entreprises\/solutions\/faites-la-promotion-de-vos-activites\/\" target=\"_blank\" rel=\"noreferrer noopener\">production<\/a> en haute d\u00e9finition dans un lieu hors-studio. L&rsquo;interview a eu lieu dans le bureau du pr\u00e9sident de la Chambre des D\u00e9put\u00e9s, o\u00f9 des cam\u00e9ras contr\u00f4l\u00e9es \u00e0 distance ont \u00e9t\u00e9 install\u00e9es, ainsi que des \u00e9clairages, du son et un prompteur pour le pr\u00e9sentateur du programme, tandis que l&rsquo;unit\u00e9 mobile \u00e9tait op\u00e9r\u00e9e depuis une autre pi\u00e8ce.<\/p>\n\n\n\n<p>Le programme a \u00e9t\u00e9 diffus\u00e9 en direct sur Chamber TV, depuis le centre de diffusion de BCE, ainsi que diffus\u00e9 en streaming sur <a href=\"https:\/\/www.chd.lu\/fr\/live\" target=\"_blank\" rel=\"noreferrer noopener\">le site web de la Chambre des D\u00e9put\u00e9s<\/a>.<\/p>\n<\/div>\n\n\n\n<div class=\"wp-block-column is-layout-flow wp-block-column-is-layout-flow\">\n<figure class=\"wp-block-image size-large\"><img loading=\"lazy\" decoding=\"async\" width=\"1024\" height=\"576\" src=\"https:\/\/www.bce.lu\/wp-content\/uploads\/2023\/04\/Neijoerschinterview-mam-Fernand-Etgen-01-1024x576.jpg\" alt=\"Photo en coulisses lors de l'interview de Fernand Etgen. On y voit un journaliste \u00e0 gauche, Fernand Etgen au centre, et un prompteur sur le c\u00f4t\u00e9 droit.\" class=\"wp-image-1263\" srcset=\"https:\/\/www.bce.lu\/wp-content\/uploads\/2023\/04\/Neijoerschinterview-mam-Fernand-Etgen-01-1024x576.jpg 1024w, https:\/\/www.bce.lu\/wp-content\/uploads\/2023\/04\/Neijoerschinterview-mam-Fernand-Etgen-01-300x169.jpg 300w, https:\/\/www.bce.lu\/wp-content\/uploads\/2023\/04\/Neijoerschinterview-mam-Fernand-Etgen-01-768x432.jpg 768w, https:\/\/www.bce.lu\/wp-content\/uploads\/2023\/04\/Neijoerschinterview-mam-Fernand-Etgen-01-1536x864.jpg 1536w, https:\/\/www.bce.lu\/wp-content\/uploads\/2023\/04\/Neijoerschinterview-mam-Fernand-Etgen-01.jpg 1920w\" sizes=\"auto, (max-width: 1024px) 100vw, 1024px\" \/><\/figure>\n<\/div>\n<\/div>\n\n\n\n<div class=\"wp-block-columns is-layout-flex wp-container-core-columns-is-layout-9d6595d7 wp-block-columns-is-layout-flex\">\n<div class=\"wp-block-column is-layout-flow wp-block-column-is-layout-flow\">\n<figure class=\"wp-block-image size-large\"><img loading=\"lazy\" decoding=\"async\" width=\"1024\" height=\"576\" src=\"https:\/\/www.bce.lu\/wp-content\/uploads\/2023\/04\/Neijoerschinterview-mam-Fernand-Etgen-17-1-1024x576.jpg\" alt=\"\u00c9cran d'ordinateur montrant le flux re\u00e7u dans la r\u00e9gie de BCE. On y voit les diff\u00e9rents retours cam\u00e9ra lors de l'interview de Fernand Etgen ainsi que les journalistes.\" class=\"wp-image-1266\" srcset=\"https:\/\/www.bce.lu\/wp-content\/uploads\/2023\/04\/Neijoerschinterview-mam-Fernand-Etgen-17-1-1024x576.jpg 1024w, https:\/\/www.bce.lu\/wp-content\/uploads\/2023\/04\/Neijoerschinterview-mam-Fernand-Etgen-17-1-300x169.jpg 300w, https:\/\/www.bce.lu\/wp-content\/uploads\/2023\/04\/Neijoerschinterview-mam-Fernand-Etgen-17-1-768x432.jpg 768w, https:\/\/www.bce.lu\/wp-content\/uploads\/2023\/04\/Neijoerschinterview-mam-Fernand-Etgen-17-1-1536x864.jpg 1536w, https:\/\/www.bce.lu\/wp-content\/uploads\/2023\/04\/Neijoerschinterview-mam-Fernand-Etgen-17-1.jpg 1920w\" sizes=\"auto, (max-width: 1024px) 100vw, 1024px\" \/><\/figure>\n<\/div>\n\n\n\n<div class=\"wp-block-column is-layout-flow wp-block-column-is-layout-flow\">\n<p>Le programme a fait une restrospective avec le pr\u00e9sident de la Chambre des D\u00e9put\u00e9s sur une ann\u00e9e politique mouvement\u00e9e marqu\u00e9e par la transition entre la crise sanitaire et celle de la guerre en Ukraine, ainsi qu&rsquo;une discussion avec Fernand Etgen sur l&rsquo;impact de ces crises sur la soci\u00e9t\u00e9 luxembourgeoise.<\/p>\n\n\n\n<p>Le programme a \u00e9galement \u00e9t\u00e9 l&rsquo;occasion de discuter des prochains sujets importants pour la Chambre des D\u00e9put\u00e9s, notamment de \u00ab\u00a0l&rsquo;Ann\u00e9e Super \u00c9lectorale\u00a0\u00bb de 2023.<\/p>\n\n\n\n<blockquote class=\"wp-block-quote is-layout-flow wp-block-quote-is-layout-flow\">\n<p><\/p>\n<cite>\u00ab\u00a0Nous sommes ravis de commencer cette ann\u00e9e de production avec l&rsquo;interview du pr\u00e9sident de la Chambre des D\u00e9put\u00e9s, Fernand Etgen. Sur le plan technique, notre unit\u00e9 de production mobile est un \u00e9quipement fantastique qui permet des productions de haute qualit\u00e9 dans les locaux de nos clients\u00a0\u00bb Lloyd Winandy, Production Manager at BCE.<br><\/cite><\/blockquote>\n<\/div>\n<\/div>\n\n\n\n<figure class=\"wp-block-gallery has-nested-images columns-default is-cropped wp-block-gallery-1 is-layout-flex wp-block-gallery-is-layout-flex\">\n<figure class=\"wp-block-image size-full\"><img loading=\"lazy\" decoding=\"async\" width=\"768\" height=\"1024\" data-id=\"1273\" src=\"https:\/\/www.bce.lu\/wp-content\/uploads\/2023\/04\/NewYear-ChamberTV-Interview-2023-1-768x1024-1.jpg\" alt=\"Photo en coulisses de l'interview, avec deux journalistes \u00e0 gauche, un photographe, et Fernand Etgen \u00e0 droite de l'image, en discussion avec un membre de l'\u00e9quipe de BCE. On distingue \u00e9galement le mat\u00e9riel de production autour.\" class=\"wp-image-1273\" srcset=\"https:\/\/www.bce.lu\/wp-content\/uploads\/2023\/04\/NewYear-ChamberTV-Interview-2023-1-768x1024-1.jpg 768w, https:\/\/www.bce.lu\/wp-content\/uploads\/2023\/04\/NewYear-ChamberTV-Interview-2023-1-768x1024-1-225x300.jpg 225w\" sizes=\"auto, (max-width: 768px) 100vw, 768px\" \/><\/figure>\n\n\n\n<figure class=\"wp-block-image size-large\"><img loading=\"lazy\" decoding=\"async\" width=\"768\" height=\"1024\" data-id=\"1272\" src=\"https:\/\/www.bce.lu\/wp-content\/uploads\/2023\/04\/NewYear-ChamberTV-Interview-2023-2-768x1024-1.jpg\" alt=\"Membre de BCE dans une r\u00e9gie en flight case, g\u00e9rant les flux vid\u00e9o.\" class=\"wp-image-1272\" srcset=\"https:\/\/www.bce.lu\/wp-content\/uploads\/2023\/04\/NewYear-ChamberTV-Interview-2023-2-768x1024-1.jpg 768w, https:\/\/www.bce.lu\/wp-content\/uploads\/2023\/04\/NewYear-ChamberTV-Interview-2023-2-768x1024-1-225x300.jpg 225w\" sizes=\"auto, (max-width: 768px) 100vw, 768px\" \/><\/figure>\n\n\n\n<figure class=\"wp-block-image size-large\"><img loading=\"lazy\" decoding=\"async\" width=\"768\" height=\"1024\" data-id=\"1274\" src=\"https:\/\/www.bce.lu\/wp-content\/uploads\/2023\/04\/NewYear-ChamberTV-Interview-2023-3-768x1024-1.jpg\" alt=\"Membre de BCE dans une r\u00e9gie en flight case, g\u00e9rant les flux vid\u00e9o.\" class=\"wp-image-1274\" srcset=\"https:\/\/www.bce.lu\/wp-content\/uploads\/2023\/04\/NewYear-ChamberTV-Interview-2023-3-768x1024-1.jpg 768w, https:\/\/www.bce.lu\/wp-content\/uploads\/2023\/04\/NewYear-ChamberTV-Interview-2023-3-768x1024-1-225x300.jpg 225w\" sizes=\"auto, (max-width: 768px) 100vw, 768px\" \/><\/figure>\n<\/figure>\n\n\n\n<div class=\"wp-block-uagb-separator uagb-block-121082f6\"><div class=\"wp-block-uagb-separator__inner\" style=\"--my-background-image:\"><\/div><\/div>\n\n\n\n<h3 class=\"wp-block-heading\"><strong>Cela pourrait vous int\u00e9resser :<\/strong><\/h3>\n\n\n\n<div class=\"wp-block-columns is-layout-flex wp-container-core-columns-is-layout-9d6595d7 wp-block-columns-is-layout-flex\">\n<div class=\"wp-block-column is-vertically-aligned-top is-layout-flow wp-block-column-is-layout-flow\" style=\"flex-basis:25%\">\n<figure class=\"wp-block-image size-large\"><a href=\"https:\/\/www.bce.lu\/fr\/actualites\/skoda-tour-de-luxembourg-2024-bce\/\" target=\"_blank\" rel=\"noreferrer noopener\"><img loading=\"lazy\" decoding=\"async\" width=\"1024\" height=\"576\" src=\"https:\/\/www.bce.lu\/wp-content\/uploads\/2024\/10\/PR_Skoda_Tour_2024-3b-1024x576.jpg\" alt=\"\u0160koda Tour de Luxembourg 2024 : des cyclistes sont visibles ainsi qu'une cam\u00e9ra en hauteur capturant les moments cl\u00e9s de la course.\" class=\"wp-image-11335\" title=\"Premi\u00e8re page de l'article: &quot;BCE : nous \u00e9voluons et soutenons nos clients&quot;, magazine &quot;Empower&quot; de BCE #1.\" srcset=\"https:\/\/www.bce.lu\/wp-content\/uploads\/2024\/10\/PR_Skoda_Tour_2024-3b-1024x576.jpg 1024w, https:\/\/www.bce.lu\/wp-content\/uploads\/2024\/10\/PR_Skoda_Tour_2024-3b-300x169.jpg 300w, https:\/\/www.bce.lu\/wp-content\/uploads\/2024\/10\/PR_Skoda_Tour_2024-3b-768x432.jpg 768w, https:\/\/www.bce.lu\/wp-content\/uploads\/2024\/10\/PR_Skoda_Tour_2024-3b-1536x864.jpg 1536w, https:\/\/www.bce.lu\/wp-content\/uploads\/2024\/10\/PR_Skoda_Tour_2024-3b.jpg 1920w\" sizes=\"auto, (max-width: 1024px) 100vw, 1024px\" \/><\/a><\/figure>\n<\/div>\n\n\n\n<div class=\"wp-block-column is-layout-flow wp-block-column-is-layout-flow\" style=\"flex-basis:50%\">\n<p><strong><mark style=\"background-color:rgba(0, 0, 0, 0)\" class=\"has-inline-color has-vivid-red-color\">ACTUALIT\u00c9 <\/mark><strong><mark style=\"background-color:rgba(0, 0, 0, 0)\" class=\"has-inline-color has-vivid-red-color\">: <\/mark>BCE est le diffuseur officiel du \u0160koda Tour de Luxembourg 2024<\/strong><\/strong><\/p>\n\n\n\n<p>BCE a brillamment assur\u00e9 la diffusion en direct du <a href=\"https:\/\/skodatour.lu\/fr\/\" target=\"_blank\" rel=\"noreferrer noopener\">\u0160koda Tour de Luxembourg 2024<\/a>, offrant une couverture sans faille sur des plateformes telles qu\u2019<a href=\"https:\/\/www.eurosport.fr\/\" target=\"_blank\" rel=\"noreferrer noopener\">Eurosport<\/a> et <a href=\"https:\/\/infos.rtl.lu\/\" target=\"_blank\" rel=\"noreferrer noopener\">RTL L\u00ebtzebuerg<\/a>.<\/p>\n\n\n\n<p>Au cours de cinq \u00e9tapes palpitantes, l\u2019\u00e9v\u00e9nement a mis en valeur les paysages magnifiques du Luxembourg et l\u2019action spectaculaire du cyclisme de haut niveau, gr\u00e2ce \u00e0 la technologie avanc\u00e9e de BCE qui a garanti une transmission impeccable.<\/p>\n\n\n\n<p>La production a int\u00e9gr\u00e9 des images dynamiques captur\u00e9es par des motos, des h\u00e9licopt\u00e8res et plusieurs cam\u00e9ras, accompagn\u00e9es de graphiques en temps r\u00e9el pour une exp\u00e9rience enrichie des t\u00e9l\u00e9spectateurs. Les efforts de BCE ont permis de diffuser la course \u00e0 un public mondial, confirmant son statut de leader en mati\u00e8re de diffusion sportive en direct.<\/p>\n\n\n\n<p><\/p>\n\n\n\n<div class=\"wp-block-buttons is-layout-flex wp-container-core-buttons-is-layout-c07eda73 wp-block-buttons-is-layout-flex\">\n<div class=\"wp-block-button has-custom-font-size is-style-fill has-small-font-size\"><a class=\"wp-block-button__link has-white-color has-vivid-red-background-color has-text-color has-background has-link-color wp-element-button\" href=\"https:\/\/www.bce.lu\/fr\/actualites\/skoda-tour-de-luxembourg-2024-bce\/\" style=\"border-radius:100px\" target=\"_blank\" rel=\"noreferrer noopener\">Apprenez en plus<\/a><\/div>\n<\/div>\n<\/div>\n\n\n\n<div class=\"wp-block-column is-vertically-aligned-center is-layout-flow wp-block-column-is-layout-flow\" style=\"flex-basis:25%\"><\/div>\n<\/div>\n\n\n\n<div style=\"height:47px\" aria-hidden=\"true\" class=\"wp-block-spacer\"><\/div>\n\n\n\n<div class=\"wp-block-columns is-layout-flex wp-container-core-columns-is-layout-9d6595d7 wp-block-columns-is-layout-flex\">\n<div class=\"wp-block-column is-vertically-aligned-top is-layout-flow wp-block-column-is-layout-flow\" style=\"flex-basis:25%\">\n<figure class=\"wp-block-image size-large\"><a href=\"https:\/\/bce.aflip.in\/076d132f27.html#page\/2\" target=\"_blank\" rel=\"noreferrer noopener\"><img loading=\"lazy\" decoding=\"async\" width=\"724\" height=\"1024\" src=\"https:\/\/www.bce.lu\/wp-content\/uploads\/2023\/05\/Article-1-year-of-live-streaming-1-724x1024.png\" alt=\"Premi\u00e8re page de l'article &quot;One year of live streaming&quot;, publi\u00e9 dans le magazine \u00ab Empower \u00bb de BCE.\" class=\"wp-image-11731\" srcset=\"https:\/\/www.bce.lu\/wp-content\/uploads\/2023\/05\/Article-1-year-of-live-streaming-1-724x1024.png 724w, https:\/\/www.bce.lu\/wp-content\/uploads\/2023\/05\/Article-1-year-of-live-streaming-1-212x300.png 212w, https:\/\/www.bce.lu\/wp-content\/uploads\/2023\/05\/Article-1-year-of-live-streaming-1-768x1086.png 768w, https:\/\/www.bce.lu\/wp-content\/uploads\/2023\/05\/Article-1-year-of-live-streaming-1-1086x1536.png 1086w, https:\/\/www.bce.lu\/wp-content\/uploads\/2023\/05\/Article-1-year-of-live-streaming-1.png 1414w\" sizes=\"auto, (max-width: 724px) 100vw, 724px\" \/><\/a><\/figure>\n<\/div>\n\n\n\n<div class=\"wp-block-column is-layout-flow wp-block-column-is-layout-flow\" style=\"flex-basis:50%\">\n<p><strong><mark style=\"background-color:rgba(0, 0, 0, 0)\" class=\"has-inline-color has-vivid-red-color\">ARTICLE (en anglais) : <\/mark>Une ann\u00e9e de Live streaming<\/strong><\/p>\n\n\n\n<p>D\u00e9couvrez dans cet article comment BCE a affirm\u00e9 son expertise en <a href=\"https:\/\/www.bce.lu\/fr\/solutions-pour-les-medias\/solutions\/ameliorez-et-distribuez-vos-contenus\/\" target=\"_blank\" rel=\"noreferrer noopener\">live streaming<\/a> tout au long de l&rsquo;ann\u00e9e 2023, en assurant la couverture de nombreux \u00e9v\u00e9nements majeurs dans le monde. De la retransmission du <a href=\"https:\/\/www.bce.lu\/fr\/actualites\/couverture-en-direct-ing-night-marathon\/\" target=\"_blank\" rel=\"noreferrer noopener\">marathon ING<\/a> \u00e0 Luxembourg au <a href=\"https:\/\/freecaster.com\/showcase\/louis-vuitton-prefall-2024-men\/\" target=\"_blank\" rel=\"noreferrer noopener\">d\u00e9fil\u00e9 Louis Vuitton \u00e0 Hong Kong<\/a>, BCE a mobilis\u00e9 sa technologie de pointe pour offrir la meilleure exp\u00e9rience aux spectateurs.<\/p>\n\n\n\n<p>BCE a \u00e9galement produit et diffus\u00e9 en direct des concerts, des festivals, des d\u00e9fil\u00e9s de mode ou encore des \u00e9v\u00e9nements institutionnels, garantissant une diffusion de haute qualit\u00e9 sur diverses plateformes et atteignant un large public \u00e0 l&rsquo;\u00e9chelle mondiale.<\/p>\n\n\n\n<div class=\"wp-block-buttons is-layout-flex wp-container-core-buttons-is-layout-c07eda73 wp-block-buttons-is-layout-flex\">\n<div class=\"wp-block-button has-custom-font-size is-style-fill has-small-font-size\"><a class=\"wp-block-button__link has-white-color has-vivid-red-background-color has-text-color has-background has-link-color wp-element-button\" href=\"https:\/\/bce.aflip.in\/076d132f27.html#page\/2\" style=\"border-radius:100px\" target=\"_blank\" rel=\"noreferrer noopener\">Apprenez en plus<\/a><\/div>\n<\/div>\n<\/div>\n\n\n\n<div class=\"wp-block-column is-vertically-aligned-center is-layout-flow wp-block-column-is-layout-flow\" style=\"flex-basis:25%\"><\/div>\n<\/div>\n\n\n\n<p><\/p>\n","protected":false},"excerpt":{"rendered":"<p>Dans le cadre de ses services pour le programme [&hellip;]<\/p>\n","protected":false},"author":3,"featured_media":1267,"comment_status":"closed","ping_status":"closed","sticky":false,"template":"","format":"standard","meta":{"_acf_changed":false,"content-type":"","inline_featured_image":false,"_uag_custom_page_level_css":"","_price":"","_stock":"","_tribe_ticket_header":"","_tribe_default_ticket_provider":"","_ticket_start_date":"","_ticket_end_date":"","_tribe_ticket_show_description":"","_tribe_ticket_show_not_going":false,"_tribe_ticket_use_global_stock":"","_tribe_ticket_global_stock_level":"","_global_stock_mode":"","_global_stock_cap":"","_tribe_rsvp_for_event":"","_tribe_ticket_going_count":"","_tribe_ticket_not_going_count":"","_tribe_tickets_list":"[]","_tribe_ticket_has_attendee_info_fields":false,"footnotes":""},"categories":[113],"tags":[114,708,715,716,717,718,719],"class_list":["post-6672","post","type-post","status-publish","format-standard","has-post-thumbnail","hentry","category-actualites","tag-institutions-fr","tag-diffusion","tag-interview","tag-chamber-aktuell","tag-fernand-etgen","tag-chambre-des-deputes","tag-ob-van-2"],"acf":[],"uagb_featured_image_src":{"full":["https:\/\/www.bce.lu\/wp-content\/uploads\/2023\/04\/Neijoerschinterview-mam-Fernand-Etgen-17-1.jpg",1920,1080,false],"thumbnail":["https:\/\/www.bce.lu\/wp-content\/uploads\/2023\/04\/Neijoerschinterview-mam-Fernand-Etgen-17-1-150x150.jpg",150,150,true],"medium":["https:\/\/www.bce.lu\/wp-content\/uploads\/2023\/04\/Neijoerschinterview-mam-Fernand-Etgen-17-1-300x169.jpg",300,169,true],"medium_large":["https:\/\/www.bce.lu\/wp-content\/uploads\/2023\/04\/Neijoerschinterview-mam-Fernand-Etgen-17-1-768x432.jpg",768,432,true],"large":["https:\/\/www.bce.lu\/wp-content\/uploads\/2023\/04\/Neijoerschinterview-mam-Fernand-Etgen-17-1-1024x576.jpg",1024,576,true],"1536x1536":["https:\/\/www.bce.lu\/wp-content\/uploads\/2023\/04\/Neijoerschinterview-mam-Fernand-Etgen-17-1-1536x864.jpg",1536,864,true],"2048x2048":["https:\/\/www.bce.lu\/wp-content\/uploads\/2023\/04\/Neijoerschinterview-mam-Fernand-Etgen-17-1.jpg",1920,1080,false]},"uagb_author_info":{"display_name":"charline","author_link":"https:\/\/www.bce.lu\/fr\/author\/charline\/"},"uagb_comment_info":0,"uagb_excerpt":"Dans le cadre de ses services pour le programme [&hellip;]","_links":{"self":[{"href":"https:\/\/www.bce.lu\/fr\/wp-json\/wp\/v2\/posts\/6672","targetHints":{"allow":["GET"]}}],"collection":[{"href":"https:\/\/www.bce.lu\/fr\/wp-json\/wp\/v2\/posts"}],"about":[{"href":"https:\/\/www.bce.lu\/fr\/wp-json\/wp\/v2\/types\/post"}],"author":[{"embeddable":true,"href":"https:\/\/www.bce.lu\/fr\/wp-json\/wp\/v2\/users\/3"}],"replies":[{"embeddable":true,"href":"https:\/\/www.bce.lu\/fr\/wp-json\/wp\/v2\/comments?post=6672"}],"version-history":[{"count":11,"href":"https:\/\/www.bce.lu\/fr\/wp-json\/wp\/v2\/posts\/6672\/revisions"}],"predecessor-version":[{"id":12371,"href":"https:\/\/www.bce.lu\/fr\/wp-json\/wp\/v2\/posts\/6672\/revisions\/12371"}],"wp:featuredmedia":[{"embeddable":true,"href":"https:\/\/www.bce.lu\/fr\/wp-json\/wp\/v2\/media\/1267"}],"wp:attachment":[{"href":"https:\/\/www.bce.lu\/fr\/wp-json\/wp\/v2\/media?parent=6672"}],"wp:term":[{"taxonomy":"category","embeddable":true,"href":"https:\/\/www.bce.lu\/fr\/wp-json\/wp\/v2\/categories?post=6672"},{"taxonomy":"post_tag","embeddable":true,"href":"https:\/\/www.bce.lu\/fr\/wp-json\/wp\/v2\/tags?post=6672"}],"curies":[{"name":"wp","href":"https:\/\/api.w.org\/{rel}","templated":true}]}}