{"id":8251,"date":"2023-07-20T16:54:34","date_gmt":"2023-07-20T14:54:34","guid":{"rendered":"https:\/\/www.bce.lu\/?p=8251"},"modified":"2024-12-02T15:13:00","modified_gmt":"2024-12-02T14:13:00","slug":"mediawan-renouvelle-sa-confiance","status":"publish","type":"post","link":"https:\/\/www.bce.lu\/fr\/actualites\/mediawan-renouvelle-sa-confiance\/","title":{"rendered":"Mediawan renouvelle sa confiance envers BCE"},"content":{"rendered":"\n<div class=\"wp-block-uagb-advanced-heading uagb-block-2b354f75\"><h3 class=\"uagb-heading-text\"><a href=\"https:\/\/www.mediawan.com\/en\" target=\"_blank\" rel=\"noreferrer noopener\">Mediawan<\/a>, l&rsquo;un des principaux studios ind\u00e9pendants europ\u00e9ens de contenu audiovisuel, a r\u00e9affirm\u00e9 son partenariat avec <a href=\"http:\/\/bce.lu\/fr\" target=\"_blank\" rel=\"noreferrer noopener\">BCE<\/a> en leur confiant la diffusion de RTL9.<\/h3><\/div>\n\n\n\n<div style=\"height:20px\" aria-hidden=\"true\" class=\"wp-block-spacer\"><\/div>\n\n\n\n<div class=\"wp-block-columns is-layout-flex wp-container-core-columns-is-layout-9d6595d7 wp-block-columns-is-layout-flex\">\n<div class=\"wp-block-column is-layout-flow wp-block-column-is-layout-flow\">\n<p>Depuis plus d&rsquo;une d\u00e9cennie, <a href=\"https:\/\/www.rtl9.com\/\" target=\"_blank\" rel=\"noreferrer noopener\">RTL9 <\/a>fait appel \u00e0 BCE pour la diffusion de sa cha\u00eene, b\u00e9n\u00e9ficiant ainsi de leur expertise et de services de haute qualit\u00e9. Mediawan a d\u00e9cid\u00e9 de renouveler sa confiance envers BCE en signant un contrat de trois ans pour continuer la diffusion de RTL9, la troisi\u00e8me cha\u00eene de t\u00e9l\u00e9vision payante la plus regard\u00e9e en France.<\/p>\n\n\n\n<p><br>Fond\u00e9 fin 2015, Mediawan s&rsquo;est impos\u00e9 comme un acteur majeur de l&rsquo;industrie audiovisuelle europ\u00e9enne, rassemblant des talents de premier plan dans la cr\u00e9ation de contenu de divers genres. Le groupe op\u00e8re sur l&rsquo;ensemble du workflow m\u00e9dia, comprenant la production de contenus originaux de fiction, de retransmissions en direct, de cin\u00e9ma, de documentaires et d&rsquo;animation, avec plus de 60 labels r\u00e9partis en France, en Allemagne (en partenariat avec LEONINE Studios depuis 2020), en Angleterre, en Italie, en Espagne, aux \u00c9tats-Unis, aux Pays-Bas, en Finlande et au S\u00e9n\u00e9gal (Mediawan Studios). De plus, Mediawan excelle dans la distribution de contenu audiovisuel via Mediawan Rights, ainsi que dans l&rsquo;\u00e9dition de cha\u00eenes et les services num\u00e9riques via Mediawan Thematics.<\/p>\n\n\n\n<p>RTL9, une cha\u00eene de t\u00e9l\u00e9vision fran\u00e7aise qui s\u00e9duit un large public avec son contenu ax\u00e9 sur le cin\u00e9ma, propose un catalogue divertissant de films \u00e0 succ\u00e8s adapt\u00e9s \u00e0 toute la famille. RTL9 est diffus\u00e9e via la <a href=\"https:\/\/www.bce.lu\/fr\/solutions-pour-les-medias\/produits\/diffusez-votre-chaine-immediatement\/\" target=\"_blank\" rel=\"noreferrer noopener\">plateforme de multi-diffusion<\/a> avanc\u00e9e de BCE, qui inclut des services de monitoring pour assurer la continuit\u00e9 de la cha\u00eene. La plateforme de multi-diffusion de BCE est op\u00e9r\u00e9e sur la technologie IP, offrant ainsi des services flexibles et efficaces tout en garantissant une qualit\u00e9 intransigeante.<\/p>\n<\/div>\n\n\n\n<div class=\"wp-block-column is-layout-flow wp-block-column-is-layout-flow\">\n<div class=\"wp-block-uagb-image uagb-block-61c1d3de wp-block-uagb-image--layout-default wp-block-uagb-image--effect-static wp-block-uagb-image--align-none\"><figure class=\"wp-block-uagb-image__figure\"><img decoding=\"async\" srcset=\"https:\/\/www.bce.lu\/wp-content\/uploads\/2023\/07\/Mediawan-moving_creativity-1024x569.jpg \" sizes=\"auto, (max-width: 480px) 150px\" src=\"https:\/\/www.bce.lu\/wp-content\/uploads\/2023\/07\/Mediawan-moving_creativity-1024x569.jpg\" alt=\"Logo de Mediawan sur fond noir avec le slogan 'moving creativity'\" class=\"uag-image-8232\" width=\"1024\" height=\"569\" title=\"\" loading=\"lazy\" role=\"img\"\/><\/figure><\/div>\n<\/div>\n<\/div>\n\n\n\n<div class=\"wp-block-columns is-layout-flex wp-container-core-columns-is-layout-9d6595d7 wp-block-columns-is-layout-flex\">\n<div class=\"wp-block-column is-layout-flow wp-block-column-is-layout-flow\">\n<div class=\"wp-block-uagb-image uagb-block-6f546679 wp-block-uagb-image--layout-default wp-block-uagb-image--effect-static wp-block-uagb-image--align-none\"><figure class=\"wp-block-uagb-image__figure\"><img decoding=\"async\" srcset=\"https:\/\/www.bce.lu\/wp-content\/uploads\/2023\/07\/RTL9_for_PR-1024x576.jpg \" sizes=\"auto, (max-width: 480px) 150px\" src=\"https:\/\/www.bce.lu\/wp-content\/uploads\/2023\/07\/RTL9_for_PR-1024x576.jpg\" alt=\"Logo de RTL9 sur fond blanc avec le slogan 'Du grand cin\u00e9ma chaque soir'\" class=\"uag-image-8240\" width=\"1024\" height=\"576\" title=\"\" loading=\"lazy\" role=\"img\"\/><\/figure><\/div>\n<\/div>\n\n\n\n<div class=\"wp-block-column is-layout-flow wp-block-column-is-layout-flow\">\n<p>Depuis 25 ans, RTL9, puis Mediawan, font confiance \u00e0 BCE pour la diffusion de leur cha\u00eene sur le march\u00e9 fran\u00e7ais et sur la grande r\u00e9gion autour du Luxembourg. Ce partenariat de longue dur\u00e9e met en \u00e9vidence l&rsquo;expertise de BCE ainsi que sa capacit\u00e9 \u00e0 s&rsquo;adapter aux \u00e9volutions du march\u00e9, permettant ainsi \u00e0 Mediawan de progresser \u00e0 leurs c\u00f4t\u00e9s.<\/p>\n\n\n\n<p><br>BCE propose trois gammes de solutions de multi-diffusion adapt\u00e9es aux besoins de ses clients, simplifiant les workflows et permettant aux clients de se concentrer sur le contenu. Fort de plus de 20 ans d&rsquo;expertise vid\u00e9o approfondie, BCE a d\u00e9velopp\u00e9 une suite compl\u00e8te de solutions de multi-diffusion, r\u00e9pondant aux besoins de d\u00e9ploiement imm\u00e9diat de cha\u00eenes en ligne ainsi qu&rsquo;aux services haut de gamme, garantissant ainsi une solution adapt\u00e9e \u00e0 chaque projet.<\/p>\n\n\n\n<p><br>Cette collaboration renouvel\u00e9e entre Mediawan et BCE souligne la confiance in\u00e9branlable de la cha\u00eene envers les services de BCE et leur engagement \u00e0 fournir un contenu de haute qualit\u00e9 \u00e0 leur audience.<\/p>\n<\/div>\n<\/div>\n\n\n\n<hr class=\"wp-block-separator aligncenter has-text-color has-alpha-channel-opacity has-background is-style-default\" style=\"background-color:#8e191c;color:#8e191c\"\/>\n\n\n\n<p>\u00c0 propos de <a href=\"https:\/\/www.mediawan.com\/en\" target=\"_blank\" rel=\"noreferrer noopener\">Mediawan <\/a>:<\/p>\n\n\n\n<p>Mediawan est l&rsquo;un des principaux studios ind\u00e9pendants europ\u00e9ens de contenu audiovisuel. Depuis sa cr\u00e9ation en 2015, Mediawan a rassembl\u00e9 les meilleurs talents de l&rsquo;industrie cr\u00e9ative audiovisuelle, op\u00e9rant sur l&rsquo;ensemble de la cha\u00eene de valeur. Pr\u00e9sent dans plusieurs pays, Mediawan produit du contenu original dans diff\u00e9rents genres, distribue du contenu audiovisuel \u00e0 l&rsquo;\u00e9chelle mondiale et propose des services d&rsquo;\u00e9dition de cha\u00eenes num\u00e9riques.<\/p>\n\n\n\n<p>Pour plus d&rsquo;informations : <a href=\"http:\/\/www.mediawan.com\" target=\"_blank\" rel=\"noreferrer noopener\">www.mediawan.com<\/a><\/p>\n\n\n\n<div class=\"wp-block-uagb-separator uagb-block-121082f6\"><div class=\"wp-block-uagb-separator__inner\" style=\"--my-background-image:\"><\/div><\/div>\n\n\n\n<h3 class=\"wp-block-heading\"><strong>Cela pourrait vous int\u00e9resser :<\/strong><\/h3>\n\n\n\n<div class=\"wp-block-columns is-layout-flex wp-container-core-columns-is-layout-9d6595d7 wp-block-columns-is-layout-flex\">\n<div class=\"wp-block-column is-layout-flow wp-block-column-is-layout-flow\" style=\"flex-basis:25%\">\n<figure class=\"wp-block-image size-large\"><a href=\"https:\/\/www.bce.lu\/fr\/solutions-pour-les-medias\/produits\/diffusez-votre-chaine-immediatement\/\" target=\"_blank\" rel=\"noreferrer noopener\"><img loading=\"lazy\" decoding=\"async\" width=\"1024\" height=\"576\" src=\"https:\/\/www.bce.lu\/wp-content\/uploads\/2023\/07\/Playit-featured-image-1024x576.png\" alt=\"Logo du cloud playout Playit  de BCE faisant partie de Media-as-a-Service\" class=\"wp-image-11160\" srcset=\"https:\/\/www.bce.lu\/wp-content\/uploads\/2023\/07\/Playit-featured-image-1024x576.png 1024w, https:\/\/www.bce.lu\/wp-content\/uploads\/2023\/07\/Playit-featured-image-300x169.png 300w, https:\/\/www.bce.lu\/wp-content\/uploads\/2023\/07\/Playit-featured-image-768x432.png 768w, https:\/\/www.bce.lu\/wp-content\/uploads\/2023\/07\/Playit-featured-image-1536x864.png 1536w, https:\/\/www.bce.lu\/wp-content\/uploads\/2023\/07\/Playit-featured-image.png 1920w\" sizes=\"auto, (max-width: 1024px) 100vw, 1024px\" \/><\/a><\/figure>\n<\/div>\n\n\n\n<div class=\"wp-block-column is-layout-flow wp-block-column-is-layout-flow\" style=\"flex-basis:50%\">\n<p><mark style=\"background-color:rgba(0, 0, 0, 0)\" class=\"has-inline-color has-vivid-red-color\"><strong>PRODUIT<\/strong> <\/mark><strong><strong><mark style=\"background-color:rgba(0, 0, 0, 0)\" class=\"has-inline-color has-vivid-red-color\">: <\/mark><\/strong>Diffusez votre cha\u00eene cloud playout imm\u00e9diatement avec Playit<\/strong><\/p>\n\n\n\n<p>D\u00e9couvrez <a href=\"https:\/\/www.bce.lu\/fr\/solutions-pour-les-medias\/produits\/diffusez-votre-chaine-immediatement\/\" target=\"_blank\" rel=\"noreferrer noopener\">Playit<\/a>, une solution Media-as-a-Service bas\u00e9e sur le cloud, offrant une gestion flexible et sans effort des cha\u00eenes TV.<\/p>\n\n\n\n<p>Lancez facilement des cha\u00eenes th\u00e9matiques ou temporaires, distribuez du contenu \u00e0 travers le monde entier et int\u00e9grez des \u00e9v\u00e9nements en direct sur diverses plateformes.<\/p>\n\n\n\n<p>Avec l&rsquo;expertise de l&rsquo;\u00e9quipe de BCE, qui assure une orchestration efficace et un support 24\/7, profitez d&rsquo;une performance fluide et d&rsquo;op\u00e9rations fiables. Nos solutions sont con\u00e7ues pour garantir la continuit\u00e9 de vos activit\u00e9s \u00e0 tout moment.<\/p>\n\n\n\n<div class=\"wp-block-buttons is-layout-flex wp-container-core-buttons-is-layout-c07eda73 wp-block-buttons-is-layout-flex\">\n<div class=\"wp-block-button has-custom-font-size is-style-fill has-small-font-size\"><a class=\"wp-block-button__link has-white-color has-vivid-red-background-color has-text-color has-background has-link-color wp-element-button\" href=\"https:\/\/www.bce.lu\/fr\/solutions-pour-les-medias\/produits\/diffusez-votre-chaine-immediatement\/\" style=\"border-radius:100px\" target=\"_blank\" rel=\"noreferrer noopener\"><strong>Apprenez en plus<\/strong><\/a><\/div>\n<\/div>\n<\/div>\n\n\n\n<div class=\"wp-block-column is-layout-flow wp-block-column-is-layout-flow\" style=\"flex-basis:25%\"><\/div>\n<\/div>\n\n\n\n<div style=\"height:61px\" aria-hidden=\"true\" class=\"wp-block-spacer\"><\/div>\n\n\n\n<div class=\"wp-block-columns is-layout-flex wp-container-core-columns-is-layout-9d6595d7 wp-block-columns-is-layout-flex\">\n<div class=\"wp-block-column is-layout-flow wp-block-column-is-layout-flow\" style=\"flex-basis:25%\">\n<figure class=\"wp-block-image size-full\"><a href=\"https:\/\/www.bce.lu\/fr\/actualites\/ln24-distribution-de-sa-chaine-par-bce\/\" target=\"_blank\" rel=\"noreferrer noopener\"><img loading=\"lazy\" decoding=\"async\" width=\"400\" height=\"225\" src=\"https:\/\/www.bce.lu\/wp-content\/uploads\/2023\/04\/Feature_LN24-400x225-1.jpg\" alt=\"Photo prise lors de l'IBC 2022, sur le stand de BCE, capturant la signature du contrat entre BCE et LN24. \u00c0 gauche, Steve De Jongh, CTO de LN24 et IPM Group, signe le contrat aux c\u00f4t\u00e9s de Christophe Goossens, CEO de BCE. St\u00e9phanie Schaeffer, commerciale chez BCE, observe l'assembl\u00e9e \u00e0 proximit\u00e9.\" class=\"wp-image-1326\" srcset=\"https:\/\/www.bce.lu\/wp-content\/uploads\/2023\/04\/Feature_LN24-400x225-1.jpg 400w, https:\/\/www.bce.lu\/wp-content\/uploads\/2023\/04\/Feature_LN24-400x225-1-300x169.jpg 300w\" sizes=\"auto, (max-width: 400px) 100vw, 400px\" \/><\/a><\/figure>\n<\/div>\n\n\n\n<div class=\"wp-block-column is-layout-flow wp-block-column-is-layout-flow\" style=\"flex-basis:50%\">\n<p><strong><mark style=\"background-color:rgba(0, 0, 0, 0)\" class=\"has-inline-color has-vivid-red-color\">ACTUALIT\u00c9 : <\/mark>LN24 confie \u00e0 BCE la distribution de sa cha\u00eene d&rsquo;information<\/strong><\/p>\n\n\n\n<p>D\u00e9couvrez comment <a href=\"https:\/\/www.ln24.be\/\" target=\"_blank\" rel=\"noreferrer noopener\">LN24<\/a>, la premi\u00e8re cha\u00eene d&rsquo;information continue en Belgique, s&rsquo;appuie sur l&rsquo;expertise de BCE pour assurer la distribution et la surveillance de ses programmes.<\/p>\n\n\n\n<p>BCE fournit \u00e0 LN24 des <a href=\"https:\/\/www.bce.lu\/media\/media-solutions\/get-your-channel-on-air\/\" target=\"_blank\" rel=\"noreferrer noopener\">services de diffusion<\/a> de haute qualit\u00e9, disponibles 24h\/24, tout en int\u00e9grant un engagement environnemental fort, avec l&rsquo;objectif de neutralit\u00e9 carbone d&rsquo;ici 2030.<\/p>\n\n\n\n<p>Ce partenariat innovant refl\u00e8te une vision commune pour des m\u00e9dias plus responsables et performants.<\/p>\n\n\n\n<div class=\"wp-block-buttons is-layout-flex wp-container-core-buttons-is-layout-c07eda73 wp-block-buttons-is-layout-flex\">\n<div class=\"wp-block-button has-custom-font-size is-style-fill has-small-font-size\"><a class=\"wp-block-button__link has-white-color has-vivid-red-background-color has-text-color has-background has-link-color wp-element-button\" href=\"https:\/\/www.bce.lu\/fr\/actualites\/ln24-distribution-de-sa-chaine-par-bce\/\" style=\"border-radius:100px\" target=\"_blank\" rel=\"noreferrer noopener\"><strong>Apprenez en plus<\/strong><\/a><\/div>\n<\/div>\n<\/div>\n\n\n\n<div class=\"wp-block-column is-layout-flow wp-block-column-is-layout-flow\" style=\"flex-basis:25%\"><\/div>\n<\/div>\n\n\n\n<div style=\"height:61px\" aria-hidden=\"true\" class=\"wp-block-spacer\"><\/div>\n\n\n\n<div class=\"wp-block-columns is-layout-flex wp-container-core-columns-is-layout-9d6595d7 wp-block-columns-is-layout-flex\">\n<div class=\"wp-block-column is-layout-flow wp-block-column-is-layout-flow\" style=\"flex-basis:25%\">\n<figure class=\"wp-block-image size-large\"><a href=\"https:\/\/www.bce.lu\/fr\/actualites\/luxe-tv-renouvelle-start-and-play-de-bce\/\" target=\"_blank\" rel=\"noreferrer noopener\"><img loading=\"lazy\" decoding=\"async\" width=\"1024\" height=\"576\" src=\"https:\/\/www.bce.lu\/wp-content\/uploads\/2022\/11\/Luxe-TV-channel-logo-1024x576.png\" alt=\"Logo de la cha\u00eene t\u00e9l\u00e9vis\u00e9e LUXE.TV sur fond blanc.\" class=\"wp-image-11781\" srcset=\"https:\/\/www.bce.lu\/wp-content\/uploads\/2022\/11\/Luxe-TV-channel-logo-1024x576.png 1024w, https:\/\/www.bce.lu\/wp-content\/uploads\/2022\/11\/Luxe-TV-channel-logo-300x169.png 300w, https:\/\/www.bce.lu\/wp-content\/uploads\/2022\/11\/Luxe-TV-channel-logo-768x432.png 768w, https:\/\/www.bce.lu\/wp-content\/uploads\/2022\/11\/Luxe-TV-channel-logo-1536x864.png 1536w, https:\/\/www.bce.lu\/wp-content\/uploads\/2022\/11\/Luxe-TV-channel-logo.png 1920w\" sizes=\"auto, (max-width: 1024px) 100vw, 1024px\" \/><\/a><\/figure>\n<\/div>\n\n\n\n<div class=\"wp-block-column is-layout-flow wp-block-column-is-layout-flow\" style=\"flex-basis:50%\">\n<p><strong><mark style=\"background-color:rgba(0, 0, 0, 0)\" class=\"has-inline-color has-vivid-red-color\">ACTUALIT\u00c9 :<\/mark><strong><mark style=\"background-color:rgba(0, 0, 0, 0)\" class=\"has-inline-color has-vivid-red-color\"> <\/mark><\/strong>LUXE.TV renouvelle sa confiance envers BCE<\/strong><\/p>\n\n\n\n<p>LUXE.TV, leader mondial des cha\u00eenes t\u00e9l\u00e9vis\u00e9es de luxe, a renouvel\u00e9 son partenariat avec BCE pour la gestion des m\u00e9dias, la distribution et la diffusion de ses cha\u00eenes.<\/p>\n\n\n\n<p>Ce renouvellement de contrat inclut l&rsquo;utilisation de <a href=\"https:\/\/www.bce.lu\/fr\/solutions-pour-la-mode\/produits\/votre-chaine-de-mode-avec-start-play\/\" target=\"_blank\" rel=\"noreferrer noopener\">la solution de diffusion<\/a> de BCE, qui offre des services cloud de diffusion HD\/4K et de gestion de contenu multiplateforme, garantissant une diffusion de qualit\u00e9 24\/7 dans plus de 65 pays.<\/p>\n\n\n\n<p>D\u00e9couvrez comment cette collaboration continue d\u2019enrichir l\u2019offre de LUXE.TV et de soutenir son d\u00e9veloppement technologique en lisant l&rsquo;article complet.<\/p>\n\n\n\n<div class=\"wp-block-buttons is-layout-flex wp-container-core-buttons-is-layout-c07eda73 wp-block-buttons-is-layout-flex\">\n<div class=\"wp-block-button has-custom-font-size is-style-fill has-small-font-size\"><a class=\"wp-block-button__link has-white-color has-vivid-red-background-color has-text-color has-background has-link-color wp-element-button\" href=\"https:\/\/www.bce.lu\/fr\/actualites\/luxe-tv-renouvelle-start-and-play-de-bce\/\" style=\"border-radius:100px\" target=\"_blank\" rel=\"noreferrer noopener\"><strong>Apprenez en plus<\/strong><\/a><\/div>\n<\/div>\n<\/div>\n\n\n\n<div class=\"wp-block-column is-layout-flow wp-block-column-is-layout-flow\" style=\"flex-basis:25%\"><\/div>\n<\/div>\n\n\n\n<p><\/p>\n","protected":false},"excerpt":{"rendered":"<p>Mediawan, l&rsquo;un des principaux studios ind\u00e9pendants europ\u00e9ens de contenu [&hellip;]<\/p>\n","protected":false},"author":3,"featured_media":8249,"comment_status":"closed","ping_status":"closed","sticky":false,"template":"","format":"standard","meta":{"_acf_changed":false,"content-type":"","inline_featured_image":false,"_uag_custom_page_level_css":"","_price":"","_stock":"","_tribe_ticket_header":"","_tribe_default_ticket_provider":"","_ticket_start_date":"","_ticket_end_date":"","_tribe_ticket_show_description":"","_tribe_ticket_show_not_going":false,"_tribe_ticket_use_global_stock":"","_tribe_ticket_global_stock_level":"","_global_stock_mode":"","_global_stock_cap":"","_tribe_rsvp_for_event":"","_tribe_ticket_going_count":"","_tribe_ticket_not_going_count":"","_tribe_tickets_list":"[]","_tribe_ticket_has_attendee_info_fields":false,"footnotes":""},"categories":[113],"tags":[708,710,711,712],"class_list":["post-8251","post","type-post","status-publish","format-standard","has-post-thumbnail","hentry","category-actualites","tag-diffusion","tag-mediawan","tag-rtl9","tag-chaine-tv"],"acf":[],"uagb_featured_image_src":{"full":["https:\/\/www.bce.lu\/wp-content\/uploads\/2023\/07\/Mediawan_feature-L.jpg",1920,1080,false],"thumbnail":["https:\/\/www.bce.lu\/wp-content\/uploads\/2023\/07\/Mediawan_feature-L-150x150.jpg",150,150,true],"medium":["https:\/\/www.bce.lu\/wp-content\/uploads\/2023\/07\/Mediawan_feature-L-300x169.jpg",300,169,true],"medium_large":["https:\/\/www.bce.lu\/wp-content\/uploads\/2023\/07\/Mediawan_feature-L-768x432.jpg",768,432,true],"large":["https:\/\/www.bce.lu\/wp-content\/uploads\/2023\/07\/Mediawan_feature-L-1024x576.jpg",1024,576,true],"1536x1536":["https:\/\/www.bce.lu\/wp-content\/uploads\/2023\/07\/Mediawan_feature-L-1536x864.jpg",1536,864,true],"2048x2048":["https:\/\/www.bce.lu\/wp-content\/uploads\/2023\/07\/Mediawan_feature-L.jpg",1920,1080,false]},"uagb_author_info":{"display_name":"charline","author_link":"https:\/\/www.bce.lu\/fr\/author\/charline\/"},"uagb_comment_info":0,"uagb_excerpt":"Mediawan, l&rsquo;un des principaux studios ind\u00e9pendants europ\u00e9ens de contenu [&hellip;]","_links":{"self":[{"href":"https:\/\/www.bce.lu\/fr\/wp-json\/wp\/v2\/posts\/8251","targetHints":{"allow":["GET"]}}],"collection":[{"href":"https:\/\/www.bce.lu\/fr\/wp-json\/wp\/v2\/posts"}],"about":[{"href":"https:\/\/www.bce.lu\/fr\/wp-json\/wp\/v2\/types\/post"}],"author":[{"embeddable":true,"href":"https:\/\/www.bce.lu\/fr\/wp-json\/wp\/v2\/users\/3"}],"replies":[{"embeddable":true,"href":"https:\/\/www.bce.lu\/fr\/wp-json\/wp\/v2\/comments?post=8251"}],"version-history":[{"count":10,"href":"https:\/\/www.bce.lu\/fr\/wp-json\/wp\/v2\/posts\/8251\/revisions"}],"predecessor-version":[{"id":12447,"href":"https:\/\/www.bce.lu\/fr\/wp-json\/wp\/v2\/posts\/8251\/revisions\/12447"}],"wp:featuredmedia":[{"embeddable":true,"href":"https:\/\/www.bce.lu\/fr\/wp-json\/wp\/v2\/media\/8249"}],"wp:attachment":[{"href":"https:\/\/www.bce.lu\/fr\/wp-json\/wp\/v2\/media?parent=8251"}],"wp:term":[{"taxonomy":"category","embeddable":true,"href":"https:\/\/www.bce.lu\/fr\/wp-json\/wp\/v2\/categories?post=8251"},{"taxonomy":"post_tag","embeddable":true,"href":"https:\/\/www.bce.lu\/fr\/wp-json\/wp\/v2\/tags?post=8251"}],"curies":[{"name":"wp","href":"https:\/\/api.w.org\/{rel}","templated":true}]}}